{"id":118576,"date":"2025-07-09T18:23:36","date_gmt":"2025-07-09T18:23:36","guid":{"rendered":"https:\/\/rdnews.al\/?p=118576"},"modified":"2025-07-09T18:23:36","modified_gmt":"2025-07-09T18:23:36","slug":"vokshi-socialistet-nuk-e-mbrojten-dot-ramen-dhe-farsen-elektorale-ne-pe","status":"publish","type":"post","link":"https:\/\/rdnews.al\/index.php\/2025\/07\/09\/vokshi-socialistet-nuk-e-mbrojten-dot-ramen-dhe-farsen-elektorale-ne-pe\/","title":{"rendered":"Vokshi: Socialist\u00ebt nuk e mbrojt\u00ebn dot Ram\u00ebn dhe fars\u00ebn elektorale n\u00eb PE!"},"content":{"rendered":"<p>Deputetja e PD, Albana Vokshi n\u00eb nj\u00eb intervist\u00eb n\u00eb SYRI TV me moderatore Armela Ferko, tha se socialist\u00ebt n\u00eb Parlamentin Evropian nuk kan\u00eb mundur t\u00eb mbrojn\u00eb fars\u00ebn elektorale t\u00eb Edi Ram\u00ebs. Ajo theksoi se integrimi i Shqip\u00ebris\u00eb n\u00eb BE ka ngecur, p\u00ebr shkak t\u00eb munges\u00ebs s\u00eb zgjedhjeve t\u00eb lira dhe t\u00eb ndershme.<\/p>\n<p>\u201cPE \u00ebsht\u00eb nj\u00eb nga institucionet m\u00eb t\u00eb r\u00ebnd\u00ebsishme, sidomos p\u00ebr vende si Shqip\u00ebria, q\u00eb \u00ebsht\u00eb kandidat\u00eb p\u00ebr n\u00eb BE. Nj\u00eb rrug\u00eb shum\u00eb e gjat\u00eb, dhe p\u00ebr fat t\u00eb keq n\u00eb vitet e fundit, pra n\u00eb dekad\u00ebn e fundit ka b\u00ebr\u00eb hapa pas, p\u00ebr shkak t\u00eb keqqeverisjes dhe kriteret e vendosura nga BE. \u00cbsht\u00eb folur p\u00ebr her\u00eb t\u00eb par\u00eb, me nj\u00eb gjuh\u00eb t\u00eb hapur, duke folur p\u00ebr problematika ku jan\u00eb fokusuar fjalimet dhe rezolutat. K\u00ebtu themi q\u00eb dhe rrug\u00ebtimi evropian ka ngecur. \u00cbsht\u00eb nj\u00eb raport i cili \u00ebsht\u00eb diskutuar para disa jav\u00ebsh n\u00eb Komisionin e Pun\u00ebve t\u00eb Jashtme pra n\u00eb PE, ku ka pasur diskutime.<\/p>\n<p>Edhe eurodeputet\u00ebt, gjat\u00eb k\u00ebtyre dy dit\u00ebve kan\u00eb folur p\u00ebr nj\u00eb s\u00ebr\u00eb problematikash, t\u00eb cilat kan\u00eb t\u00eb b\u00ebjn\u00eb. Po marr nj\u00eb \u00e7\u00ebshtje q\u00eb na ka prekur edhe dit\u00ebt e fundit, p\u00ebr zgjedhjet ato q\u00eb jan\u00eb pjes\u00eb t\u00eb kapitulli t\u00eb par\u00eb, q\u00eb tashm\u00eb \u00ebsht\u00eb hapur tani. Q\u00eb zgjedhjet nuk kan\u00eb qen\u00eb t\u00eb lira, nuk kan\u00eb qen\u00eb t\u00eb ndershme. Edhe socialist\u00ebt nuk kan\u00eb mundur q\u00eb t\u2019i mbrojn\u00eb zgjedhjet q\u00eb ka organizuar Edi Rama, n\u00eb 11 maj. Apo dhe fushat\u00ebn e pabarabart\u00eb t\u00eb organizuar nga partia-shtet. Edhe n\u00eb K\u00ebshillin e Evrop\u00ebs u diskutua raporti p\u00ebr zgjedhjet, edhe fjalimet e socialist\u00ebve prekini t\u00eb gjitha problematikat, si keqp\u00ebrdorimi i burimeve shtet\u00ebrore, gara e pabarabart\u00eb.<\/p>\n<p>U fol dhe p\u00ebr \u00e7\u00ebshtje t\u00eb tjera q\u00eb kan\u00eb t\u00eb b\u00ebjn\u00eb me lidhjen e qeverisjes me krimin e organizuar, me pastrimin e parave n\u00eb kryeqytet, n\u00eb zonat turistike apo n\u00eb qytetet e m\u00ebdha. Pra jan\u00eb nj\u00eb s\u00ebr\u00eb problematikash q\u00eb jav\u00ebt e fundit jan\u00eb diskutuar n\u00eb institucionet. T\u00eb gjitha institucionet pra n\u00eb K\u00ebshillin e Evrop\u00ebs, ku ka pasur nj\u00eb seanc\u00eb t\u00eb ve\u00e7ant\u00eb p\u00ebr sa i p\u00ebrket raportit t\u00eb zgjedhjeve\u201d, tha Vokshi.<\/p>\n","protected":false},"excerpt":{"rendered":"<p>Deputetja e PD, Albana Vokshi n\u00eb nj\u00eb intervist\u00eb n\u00eb SYRI TV me moderatore Armela Ferko, tha se socialist\u00ebt n\u00eb Parlamentin Evropian nuk kan\u00eb mundur t\u00eb mbrojn\u00eb fars\u00ebn elektorale t\u00eb Edi Ram\u00ebs. Ajo theksoi se integrimi i Shqip\u00ebris\u00eb n\u00eb BE ka ngecur, p\u00ebr shkak t\u00eb munges\u00ebs s\u00eb zgjedhjeve t\u00eb lira dhe t\u00eb ndershme. \u201cPE \u00ebsht\u00eb nj\u00eb &hellip;<\/p>\n","protected":false},"author":4,"featured_media":117292,"comment_status":"closed","ping_status":"closed","sticky":false,"template":"","format":"standard","meta":{"footnotes":""},"categories":[37],"tags":[],"class_list":["post-118576","post","type-post","status-publish","format-standard","has-post-thumbnail","","category-politike"],"_links":{"self":[{"href":"https:\/\/rdnews.al\/index.php\/wp-json\/wp\/v2\/posts\/118576","targetHints":{"allow":["GET"]}}],"collection":[{"href":"https:\/\/rdnews.al\/index.php\/wp-json\/wp\/v2\/posts"}],"about":[{"href":"https:\/\/rdnews.al\/index.php\/wp-json\/wp\/v2\/types\/post"}],"author":[{"embeddable":true,"href":"https:\/\/rdnews.al\/index.php\/wp-json\/wp\/v2\/users\/4"}],"replies":[{"embeddable":true,"href":"https:\/\/rdnews.al\/index.php\/wp-json\/wp\/v2\/comments?post=118576"}],"version-history":[{"count":1,"href":"https:\/\/rdnews.al\/index.php\/wp-json\/wp\/v2\/posts\/118576\/revisions"}],"predecessor-version":[{"id":118577,"href":"https:\/\/rdnews.al\/index.php\/wp-json\/wp\/v2\/posts\/118576\/revisions\/118577"}],"wp:featuredmedia":[{"embeddable":true,"href":"https:\/\/rdnews.al\/index.php\/wp-json\/wp\/v2\/media\/117292"}],"wp:attachment":[{"href":"https:\/\/rdnews.al\/index.php\/wp-json\/wp\/v2\/media?parent=118576"}],"wp:term":[{"taxonomy":"category","embeddable":true,"href":"https:\/\/rdnews.al\/index.php\/wp-json\/wp\/v2\/categories?post=118576"},{"taxonomy":"post_tag","embeddable":true,"href":"https:\/\/rdnews.al\/index.php\/wp-json\/wp\/v2\/tags?post=118576"}],"curies":[{"name":"wp","href":"https:\/\/api.w.org\/{rel}","templated":true}]}}