{"id":118584,"date":"2025-07-09T21:16:27","date_gmt":"2025-07-09T21:16:27","guid":{"rendered":"https:\/\/rdnews.al\/?p=118584"},"modified":"2025-07-09T21:21:47","modified_gmt":"2025-07-09T21:21:47","slug":"incidenti-me-delegacionin-e-izraelit-ne-tirane","status":"publish","type":"post","link":"https:\/\/rdnews.al\/index.php\/2025\/07\/09\/incidenti-me-delegacionin-e-izraelit-ne-tirane\/","title":{"rendered":"Incidenti me delegacionin e Izraelit n\u00eb Tiran\u00eb"},"content":{"rendered":"<p>Z\u00ebvend\u00ebskryeministrja dhe nj\u00ebher\u00ebsh ministre e Infrastruktur\u00ebs dhe Energjis\u00eb, Belinda Balluku, priti n\u00eb nj\u00eb takim zyrtar delegacionin izraelit t\u00eb kryesuar nga ministri i Energjis\u00eb dhe Infrastruktur\u00ebs, Eli Cohen, n\u00eb kuad\u00ebr t\u00eb nj\u00eb vizite dyditore n\u00eb Tiran\u00eb.<\/p>\n<p>Spas njoftimit zyrtar, gjat\u00eb takimit, u diskutuan nj\u00eb s\u00ebr\u00eb temash me interes t\u00eb p\u00ebrbashk\u00ebt, me fokus n\u00eb forcimin e bashk\u00ebpunimit mes dy vendeve n\u00eb fushat e siguris\u00eb kibernetike, menaxhimit t\u00eb q\u00ebndruesh\u00ebm t\u00eb burimeve ujore dhe infrastruktur\u00ebs.<\/p>\n<p>Balluku vler\u00ebsoi p\u00ebrvoj\u00ebn e avancuar t\u00eb Izraelit n\u00eb k\u00ebto fusha, duke e cil\u00ebsuar at\u00eb si nj\u00eb nga lider\u00ebt bot\u00ebror\u00eb n\u00eb menaxhimin e sistemeve t\u00eb uj\u00ebsjell\u00ebs-kanalizimeve dhe teknologjive t\u00eb reja n\u00eb energji.<\/p>\n<p>Po \u00e7far\u00eb ndodhi para takimit dhe q\u00eb u kthye n\u00eb nj\u00eb incident q\u00eb nervozoi jo pak delegacionin e Izrelit. Ministri izraelit kishte mb\u00ebrritur n\u00eb takim sipas or\u00ebs s\u00eb p\u00ebrcaktuar nga protokolli i p\u00ebrbashk\u00ebt. Nd\u00ebrsa pala izraelite ishte n\u00eb takim, mungonte pala shqiptare. Ministrja Balluku nuk dukej askund.<\/p>\n<p>Delegacionit t\u00eb Izraelit i \u00ebsht\u00eb dashur t\u00eb pres\u00eb jo disa minuta, por plot 1 or\u00eb e 30 minuta q\u00eb Balluku t\u00eb vinte n\u00eb takim. Kjo ka acaruar jo pak delegacionin izraelit t\u00eb kryesuar nga ministri i Energjis\u00eb dhe Infrastruktur\u00ebs, Eli Cohen. Ku gjendej Balluku? Ndoshta n\u00eb floktore&#8230;<\/p>\n<p>Munges\u00eb serizoteti dhe arroganc\u00eb e regjimit edhe me n\u00eb takimet diplomatike.<\/p>\n","protected":false},"excerpt":{"rendered":"<p>Z\u00ebvend\u00ebskryeministrja dhe nj\u00ebher\u00ebsh ministre e Infrastruktur\u00ebs dhe Energjis\u00eb, Belinda Balluku, priti n\u00eb nj\u00eb takim zyrtar delegacionin izraelit t\u00eb kryesuar nga ministri i Energjis\u00eb dhe Infrastruktur\u00ebs, Eli Cohen, n\u00eb kuad\u00ebr t\u00eb nj\u00eb vizite dyditore n\u00eb Tiran\u00eb. Spas njoftimit zyrtar, gjat\u00eb takimit, u diskutuan nj\u00eb s\u00ebr\u00eb temash me interes t\u00eb p\u00ebrbashk\u00ebt, me fokus n\u00eb forcimin e bashk\u00ebpunimit &hellip;<\/p>\n","protected":false},"author":3,"featured_media":118585,"comment_status":"closed","ping_status":"closed","sticky":false,"template":"","format":"standard","meta":{"footnotes":""},"categories":[37],"tags":[],"class_list":["post-118584","post","type-post","status-publish","format-standard","has-post-thumbnail","","category-politike"],"_links":{"self":[{"href":"https:\/\/rdnews.al\/index.php\/wp-json\/wp\/v2\/posts\/118584","targetHints":{"allow":["GET"]}}],"collection":[{"href":"https:\/\/rdnews.al\/index.php\/wp-json\/wp\/v2\/posts"}],"about":[{"href":"https:\/\/rdnews.al\/index.php\/wp-json\/wp\/v2\/types\/post"}],"author":[{"embeddable":true,"href":"https:\/\/rdnews.al\/index.php\/wp-json\/wp\/v2\/users\/3"}],"replies":[{"embeddable":true,"href":"https:\/\/rdnews.al\/index.php\/wp-json\/wp\/v2\/comments?post=118584"}],"version-history":[{"count":3,"href":"https:\/\/rdnews.al\/index.php\/wp-json\/wp\/v2\/posts\/118584\/revisions"}],"predecessor-version":[{"id":118588,"href":"https:\/\/rdnews.al\/index.php\/wp-json\/wp\/v2\/posts\/118584\/revisions\/118588"}],"wp:featuredmedia":[{"embeddable":true,"href":"https:\/\/rdnews.al\/index.php\/wp-json\/wp\/v2\/media\/118585"}],"wp:attachment":[{"href":"https:\/\/rdnews.al\/index.php\/wp-json\/wp\/v2\/media?parent=118584"}],"wp:term":[{"taxonomy":"category","embeddable":true,"href":"https:\/\/rdnews.al\/index.php\/wp-json\/wp\/v2\/categories?post=118584"},{"taxonomy":"post_tag","embeddable":true,"href":"https:\/\/rdnews.al\/index.php\/wp-json\/wp\/v2\/tags?post=118584"}],"curies":[{"name":"wp","href":"https:\/\/api.w.org\/{rel}","templated":true}]}}