{"id":118611,"date":"2025-07-10T09:49:05","date_gmt":"2025-07-10T09:49:05","guid":{"rendered":"https:\/\/rdnews.al\/?p=118611"},"modified":"2025-07-10T09:49:05","modified_gmt":"2025-07-10T09:49:05","slug":"berisha-vlereson-ish-ambasadorin-gjerman-daum-kavalier-i-vetmuar-qe-qendroi-ne-anen-e-idealisteve-qe-u-ngriten-per-liri-dhe-dinjitet","status":"publish","type":"post","link":"https:\/\/rdnews.al\/index.php\/2025\/07\/10\/berisha-vlereson-ish-ambasadorin-gjerman-daum-kavalier-i-vetmuar-qe-qendroi-ne-anen-e-idealisteve-qe-u-ngriten-per-liri-dhe-dinjitet\/","title":{"rendered":"Berisha vler\u00ebson ish-ambasadorin gjerman Daum: Kavalier i vetmuar q\u00eb q\u00ebndroi n\u00eb an\u00ebn e idealist\u00ebve q\u00eb u ngrit\u00ebn p\u00ebr liri dhe dinjitet"},"content":{"rendered":"<p>Kryetari i Partis\u00eb Demokratike, Sali Berisha, nga ceremonia e p\u00ebrurimit t\u00eb shtatores s\u00eb d\u00ebshmorit t\u00eb demokracis\u00eb, Josif Budo n\u00eb Kavaja\u00eb, vler\u00ebsoi maksimalisht ish-ambasadorin gjerman Werner Daum.<\/p>\n<p>Berisha tha se, Daum ishte kavalier i vetmuar q\u00eb q\u00ebndroi n\u00eb an\u00ebn e idealist\u00ebve q\u00eb u ngrit\u00ebn p\u00ebr liri dhe dinjitet.<\/p>\n<p>\u201cMiq, k\u00ebtu sot kemi midis nesh nj\u00eb mik t\u00eb p\u00ebrjetsh\u00ebm t\u00eb liris\u00eb s\u00eb shqiptar\u00ebve. Dhe ky \u00ebsht\u00eb ambasadori Werner Daum.<\/p>\n<p>Ambasadori e shnd\u00ebrroi ambasad\u00ebn e tij n\u00eb nj\u00eb k\u00ebshtjell\u00eb t\u00eb liris\u00eb s\u00eb shqiptar\u00ebve.<\/p>\n<p>Ambasadori Daum, si\u00e7 e tha edhe vet\u00eb, mik i shqiptar\u00ebve, donte me \u00e7do kusht q\u00eb shqiptar\u00ebt t\u00eb ndiqnin edhe ata rrug\u00ebn e kombeve t\u00eb tjera, t\u00eb diktaturave ish-komuniste.<\/p>\n<p>Ndaj dhe ai, \u00e7far\u00eb kishte mund\u00ebsi t\u00eb b\u00ebnte, b\u00ebri t\u00eb inkurajoj\u00eb, t\u2019u jap\u00eb zem\u00ebr grupeve antikomuniste n\u00eb Kavaj\u00eb, n\u00eb Shkod\u00ebr dhe kudo.<\/p>\n<p>Koh\u00ebrat jan\u00eb shum\u00eb t\u00eb ndryshme, por 35 vite m\u00eb par\u00eb, ambasadori ishte nj\u00eb kavalier i vetmuar.<\/p>\n<p>Kjo \u00ebsht\u00eb e v\u00ebrteta, duhet ta themi.<\/p>\n<p>Pasioni i tij p\u00ebr lirin\u00eb, dashuria e tij p\u00ebr shqiptar\u00ebt q\u00eb t\u2019i shihte t\u00eb lir\u00eb, b\u00ebri q\u00eb ai t\u00eb q\u00ebndronte n\u00eb mbrojtje t\u00eb t\u00eb v\u00ebrtetave themelore.<\/p>\n<p>Jo t\u00eb pakt\u00eb ishin ata q\u00eb mendonin se diktatori shqiptar ishte nj\u00eb Gorba\u00e7ev.<\/p>\n<p>T\u00eb tjer\u00eb mendojn\u00eb se k\u00ebshtu e kan\u00eb k\u00ebta shqiptar\u00ebt, e duan diktatorin e tyre, e duan diktatorin.<\/p>\n<p>Por miku yn\u00eb i madh kishte mendim tjet\u00ebr.<\/p>\n<p>Mendonte dhe besonte se shqiptar\u00ebt jan\u00eb nj\u00eb komb liridash\u00ebs dhe se ata duhet t\u00eb \u00e7lirohen nj\u00eblloj si kombet e tjera ish-komuniste.<\/p>\n<p>U p\u00ebrpoq\u00ebn edhe ta bindin se po vepronte gabim. Koha dhe historia i dha t\u00eb drejt\u00eb atij.<\/p>\n<p>Ai q\u00ebndroi n\u00eb an\u00ebn e Josif Budos. Q\u00ebndroi n\u00eb an\u00ebn e qytetar\u00ebve t\u00eb Kavaj\u00ebs. Q\u00ebndroi n\u00eb an\u00ebn e idealist\u00ebve q\u00eb u ngrit\u00ebn p\u00ebr liri dhe dinjitet\u201d, tha Berisha.<\/p>\n","protected":false},"excerpt":{"rendered":"<p>Kryetari i Partis\u00eb Demokratike, Sali Berisha, nga ceremonia e p\u00ebrurimit t\u00eb shtatores s\u00eb d\u00ebshmorit t\u00eb demokracis\u00eb, Josif Budo n\u00eb Kavaja\u00eb, vler\u00ebsoi maksimalisht ish-ambasadorin gjerman Werner Daum. Berisha tha se, Daum ishte kavalier i vetmuar q\u00eb q\u00ebndroi n\u00eb an\u00ebn e idealist\u00ebve q\u00eb u ngrit\u00ebn p\u00ebr liri dhe dinjitet. \u201cMiq, k\u00ebtu sot kemi midis nesh nj\u00eb mik &hellip;<\/p>\n","protected":false},"author":4,"featured_media":118612,"comment_status":"closed","ping_status":"closed","sticky":false,"template":"","format":"standard","meta":{"footnotes":""},"categories":[37],"tags":[],"class_list":["post-118611","post","type-post","status-publish","format-standard","has-post-thumbnail","","category-politike"],"_links":{"self":[{"href":"https:\/\/rdnews.al\/index.php\/wp-json\/wp\/v2\/posts\/118611","targetHints":{"allow":["GET"]}}],"collection":[{"href":"https:\/\/rdnews.al\/index.php\/wp-json\/wp\/v2\/posts"}],"about":[{"href":"https:\/\/rdnews.al\/index.php\/wp-json\/wp\/v2\/types\/post"}],"author":[{"embeddable":true,"href":"https:\/\/rdnews.al\/index.php\/wp-json\/wp\/v2\/users\/4"}],"replies":[{"embeddable":true,"href":"https:\/\/rdnews.al\/index.php\/wp-json\/wp\/v2\/comments?post=118611"}],"version-history":[{"count":1,"href":"https:\/\/rdnews.al\/index.php\/wp-json\/wp\/v2\/posts\/118611\/revisions"}],"predecessor-version":[{"id":118613,"href":"https:\/\/rdnews.al\/index.php\/wp-json\/wp\/v2\/posts\/118611\/revisions\/118613"}],"wp:featuredmedia":[{"embeddable":true,"href":"https:\/\/rdnews.al\/index.php\/wp-json\/wp\/v2\/media\/118612"}],"wp:attachment":[{"href":"https:\/\/rdnews.al\/index.php\/wp-json\/wp\/v2\/media?parent=118611"}],"wp:term":[{"taxonomy":"category","embeddable":true,"href":"https:\/\/rdnews.al\/index.php\/wp-json\/wp\/v2\/categories?post=118611"},{"taxonomy":"post_tag","embeddable":true,"href":"https:\/\/rdnews.al\/index.php\/wp-json\/wp\/v2\/tags?post=118611"}],"curies":[{"name":"wp","href":"https:\/\/api.w.org\/{rel}","templated":true}]}}