{"id":118657,"date":"2025-07-10T12:13:50","date_gmt":"2025-07-10T12:13:50","guid":{"rendered":"https:\/\/rdnews.al\/?p=118657"},"modified":"2025-07-10T12:14:29","modified_gmt":"2025-07-10T12:14:29","slug":"dule-asnje-raport-nderkombetar-nuk-i-njeh-zgjedhjet-e-11-majit","status":"publish","type":"post","link":"https:\/\/rdnews.al\/index.php\/2025\/07\/10\/dule-asnje-raport-nderkombetar-nuk-i-njeh-zgjedhjet-e-11-majit\/","title":{"rendered":"Dule: Zgjedhjet nuk njihen, asnj\u00eb raport nd\u00ebrkomb\u00ebtar nuk i ka \u00e7ertifikuar"},"content":{"rendered":"<p>Pas disfat\u00ebs s\u00eb thell\u00eb m\u00eb 11 maj, aleati i Sali Berish\u00ebs,\u00a0Vangjel Dule, thot\u00eb se opozita duhet t\u00eb kthej\u00eb gishtin nga vetja. Ndon\u00ebse i q\u00ebndron \u2018tez\u00ebs\u2019 s\u00eb opozit\u00ebs s\u00eb m\u00eb 11 maj nuk pati zgjedhje, duke th\u00ebn\u00eb se reagimet e nd\u00ebrkomb\u00ebtar\u00ebve dhe raportin paraprak t\u00eb OSBE-ODIHR, n\u00eb asnj\u00eb rast nuk e ka lexuar si certifikim.<\/p>\n<p>\u201cOpozita n\u00eb \u00e7do rast duhet ta kthejm\u00eb gishtin nga vetja, edhe n\u00eb rast fitoreje duhet ta drejtonte gishtin nga vetja. \u00c7do politikan duhet ta b\u00ebj\u00eb, \u00e7do formacion politik dhe n\u00eb m\u00ebnyr\u00eb t\u00eb p\u00ebrditshme. P\u00ebr vler\u00ebsimin ton\u00eb dhe e kam th\u00ebn\u00eb n\u00eb m\u00ebnyr\u00eb t\u00eb p\u00ebrs\u00ebritur, nuk ka pasur zgjedhje m\u00eb 11 maj.<\/p>\n<p>Nuk kam konstatuar certifikim t\u00eb k\u00ebtyre zgjedhjeve, nga asnj\u00eb deklarat\u00eb, nga asnj\u00eb autoritet unilateral apo multilateral nd\u00ebrkomb\u00ebtar. P\u00ebrkundrazi, \u00ebsht\u00eb hera e par\u00eb q\u00eb n\u00eb raport nuk kemi at\u00eb shprehjen e famshme q\u00eb pavar\u00ebsisht problematikave u sh\u00ebnuan hapa para. \u00cbsht\u00eb thembra e Akilit. Nuk jan\u00eb zgjedhje, p\u00ebr rrjedhoj\u00eb mos prisni dhe nuk duhet t\u00eb presim q\u00eb t\u00eb na thon\u00eb se zgjedhjet ishin t\u00eb papranueshme dhe duhen p\u00ebrs\u00ebritur\u201d, tha Dule.<\/p>\n<p>Por, d\u00ebshtimin e opozit\u00ebs Dule e sheh edhe tek p\u00ebr\u00e7arja mes radh\u00ebve t\u00eb tyre. N\u00eb nj\u00eb deklarat\u00eb nga Kryesia e Kuvendit, kreu i PBDNJ tha se m\u00eb 11 maj p\u00ebsuan disfat\u00eb elektorale pasi njer\u00ebz nga opozita u blen\u00eb apo ran\u00eb viktima t\u00eb \u2018represionit\u2019. P\u00ebr Dulen, n\u00ebse vota opozitare do t\u00eb ishte e unifikuar, do t\u00eb kishte sjell\u00eb p\u00ebrmbysjen e rezultatit.<\/p>\n<p>\u201c\u00cbsht\u00eb programi m\u00eb i plot\u00eb ai i paraqitur nga opozita m\u00eb 11 maj. D\u00ebshtuam, sepse edhe njer\u00ebz nga radh\u00ebt tan\u00eb u blen\u00eb, apo ran\u00eb viktima t\u00eb presionit. Apo edhe fenomene t\u00eb tjera, t\u00eb cilat kan\u00eb t\u00eb b\u00ebjn\u00eb me divergjenca brenda kampit opozitar. Imagjinoni p\u00ebr nj\u00eb moment n\u00ebse vota opozitare do t\u00eb ishte e unifikuar, se \u00e7far\u00eb vot\u00eb t\u00eb shtuar do t\u00eb kishte sjell\u00eb n\u00eb rezultatin p\u00ebrfundimtar dhe ndoshta edhe p\u00ebrmbysje t\u00eb rezultatit\u201d, tha Dule.<br \/>\nShkaktare p\u00ebr p\u00ebr\u00e7arjen e opozit\u00ebs sheh edhe qeverin\u00eb Rama.<\/p>\n<p>\u201c\u00cbsht\u00eb investuar qeveria n\u00eb p\u00ebr\u00e7arjen e opozit\u00ebs. Mos harroni se kreu i opozit\u00ebs ka qen\u00eb p\u00ebr nj\u00ebmb\u00ebdhjet\u00eb muaj. I privuar nga ushtrimi i t\u00eb drejtave t\u00eb drejtimit t\u00eb opozit\u00ebs, kryetari i forc\u00ebs s\u00eb dyt\u00eb opozitare t\u00eb koalicionit \u00ebsht\u00eb ende i paraburgosur\u201d, vijoi Dule.<\/p>\n<p>Nd\u00ebrsa\u00a0Sali Berisha\u00a0\u00ebsht\u00eb p\u00ebrpjekur prej gati tre muajsh t\u00eb faktoj\u00eb \u2018fars\u00ebn\u2019 e 11 majit me deklarata nga selia blu, Dule thot\u00eb se protestat duhet t\u00eb ishin pandalshme.<\/p>\n<p>\u201c\u00cbsht\u00eb \u00e7\u00ebshtje e shoq\u00ebris\u00eb son\u00eb, e zgjedh\u00ebsve tan\u00eb, q\u00eb t\u00eb reagojn\u00eb. N\u00eb \u00e7do vend tjet\u00ebr, pas nj\u00eb procesi t\u00eb till\u00eb si ai i 11 majit, protestat do t\u00eb ishin t\u00eb pandalshme. Por \u00e7far\u00eb po ndodh? Ne kemi fenomene t\u00eb tjera sociale q\u00eb kan\u00eb ndodhur n\u00eb vendin ton\u00eb. Qytetari im ndihet i mundur. Shoq\u00ebria jon\u00eb ndihet e mundur nga partia shtet. K\u00ebtu \u00ebsht\u00eb p\u00ebrgjegj\u00ebsia e opozit\u00ebs\u201d, thekson Dule.<\/p>\n","protected":false},"excerpt":{"rendered":"<p>Pas disfat\u00ebs s\u00eb thell\u00eb m\u00eb 11 maj, aleati i Sali Berish\u00ebs,\u00a0Vangjel Dule, thot\u00eb se opozita duhet t\u00eb kthej\u00eb gishtin nga vetja. Ndon\u00ebse i q\u00ebndron \u2018tez\u00ebs\u2019 s\u00eb opozit\u00ebs s\u00eb m\u00eb 11 maj nuk pati zgjedhje, duke th\u00ebn\u00eb se reagimet e nd\u00ebrkomb\u00ebtar\u00ebve dhe raportin paraprak t\u00eb OSBE-ODIHR, n\u00eb asnj\u00eb rast nuk e ka lexuar si certifikim. \u201cOpozita &hellip;<\/p>\n","protected":false},"author":3,"featured_media":72576,"comment_status":"closed","ping_status":"closed","sticky":false,"template":"","format":"standard","meta":{"footnotes":""},"categories":[37],"tags":[],"class_list":["post-118657","post","type-post","status-publish","format-standard","has-post-thumbnail","","category-politike"],"_links":{"self":[{"href":"https:\/\/rdnews.al\/index.php\/wp-json\/wp\/v2\/posts\/118657","targetHints":{"allow":["GET"]}}],"collection":[{"href":"https:\/\/rdnews.al\/index.php\/wp-json\/wp\/v2\/posts"}],"about":[{"href":"https:\/\/rdnews.al\/index.php\/wp-json\/wp\/v2\/types\/post"}],"author":[{"embeddable":true,"href":"https:\/\/rdnews.al\/index.php\/wp-json\/wp\/v2\/users\/3"}],"replies":[{"embeddable":true,"href":"https:\/\/rdnews.al\/index.php\/wp-json\/wp\/v2\/comments?post=118657"}],"version-history":[{"count":2,"href":"https:\/\/rdnews.al\/index.php\/wp-json\/wp\/v2\/posts\/118657\/revisions"}],"predecessor-version":[{"id":118659,"href":"https:\/\/rdnews.al\/index.php\/wp-json\/wp\/v2\/posts\/118657\/revisions\/118659"}],"wp:featuredmedia":[{"embeddable":true,"href":"https:\/\/rdnews.al\/index.php\/wp-json\/wp\/v2\/media\/72576"}],"wp:attachment":[{"href":"https:\/\/rdnews.al\/index.php\/wp-json\/wp\/v2\/media?parent=118657"}],"wp:term":[{"taxonomy":"category","embeddable":true,"href":"https:\/\/rdnews.al\/index.php\/wp-json\/wp\/v2\/categories?post=118657"},{"taxonomy":"post_tag","embeddable":true,"href":"https:\/\/rdnews.al\/index.php\/wp-json\/wp\/v2\/tags?post=118657"}],"curies":[{"name":"wp","href":"https:\/\/api.w.org\/{rel}","templated":true}]}}