{"id":118663,"date":"2025-07-10T12:30:09","date_gmt":"2025-07-10T12:30:09","guid":{"rendered":"https:\/\/rdnews.al\/?p=118663"},"modified":"2025-07-10T13:10:33","modified_gmt":"2025-07-10T13:10:33","slug":"bizenset-ne-proteste-neser-para-kryeministrise-kunder-prishjeve-te-paligjshme","status":"publish","type":"post","link":"https:\/\/rdnews.al\/index.php\/2025\/07\/10\/bizenset-ne-proteste-neser-para-kryeministrise-kunder-prishjeve-te-paligjshme\/","title":{"rendered":"Bizneset n\u00eb protest\u00eb nes\u00ebr para kryeministris\u00eb kund\u00ebr prishjeve t\u00eb paligjshme"},"content":{"rendered":"<div class=\"chapo\">Nj\u00eb protest\u00eb \u00ebsht\u00eb thirrur dit\u00ebn e nes\u00ebrme n\u00eb Tiran\u00eb kund\u00ebr sh\u00ebmbjeve t\u00eb paligjshme q\u00eb po kryen nga qeveria. M\u00ebsohet se protesta \u00ebsht\u00eb njoftuar nga vet\u00eb qytetar\u00ebt, t\u00eb cil\u00ebt b\u00ebjn\u00eb thirrje p\u00ebr bashkim, kund\u00ebr shembjeve t\u00eb bizneseve q\u00eb po ndodhin kudo n\u00eb Shqip\u00ebri dhe kryesisht n\u00eb Theth.<\/div>\n<p>Protesta do t\u00eb mbahet dit\u00ebn e nes\u00ebrme n\u00eb or\u00ebn 10:00 para kryeministris\u00eb. Qytetar\u00ebt e konsiderojn\u00eb nd\u00ebrhyrjen e qeveris\u00eb p\u00ebr t\u00eb shembur, hotelet, baret dhe restorantet n\u00eb mes t\u00eb sezonit turistik, t\u00eb paligjshme dhe q\u00eb po i b\u00ebn nj\u00eb d\u00ebm t\u00eb madh imazhit t\u00eb vendit.<\/p>\n","protected":false},"excerpt":{"rendered":"<p>Nj\u00eb protest\u00eb \u00ebsht\u00eb thirrur dit\u00ebn e nes\u00ebrme n\u00eb Tiran\u00eb kund\u00ebr sh\u00ebmbjeve t\u00eb paligjshme q\u00eb po kryen nga qeveria. M\u00ebsohet se protesta \u00ebsht\u00eb njoftuar nga vet\u00eb qytetar\u00ebt, t\u00eb cil\u00ebt b\u00ebjn\u00eb thirrje p\u00ebr bashkim, kund\u00ebr shembjeve t\u00eb bizneseve q\u00eb po ndodhin kudo n\u00eb Shqip\u00ebri dhe kryesisht n\u00eb Theth. Protesta do t\u00eb mbahet dit\u00ebn e nes\u00ebrme n\u00eb or\u00ebn &hellip;<\/p>\n","protected":false},"author":3,"featured_media":118664,"comment_status":"closed","ping_status":"closed","sticky":false,"template":"","format":"standard","meta":{"footnotes":""},"categories":[46],"tags":[],"class_list":["post-118663","post","type-post","status-publish","format-standard","has-post-thumbnail","","category-ekonomi"],"_links":{"self":[{"href":"https:\/\/rdnews.al\/index.php\/wp-json\/wp\/v2\/posts\/118663","targetHints":{"allow":["GET"]}}],"collection":[{"href":"https:\/\/rdnews.al\/index.php\/wp-json\/wp\/v2\/posts"}],"about":[{"href":"https:\/\/rdnews.al\/index.php\/wp-json\/wp\/v2\/types\/post"}],"author":[{"embeddable":true,"href":"https:\/\/rdnews.al\/index.php\/wp-json\/wp\/v2\/users\/3"}],"replies":[{"embeddable":true,"href":"https:\/\/rdnews.al\/index.php\/wp-json\/wp\/v2\/comments?post=118663"}],"version-history":[{"count":2,"href":"https:\/\/rdnews.al\/index.php\/wp-json\/wp\/v2\/posts\/118663\/revisions"}],"predecessor-version":[{"id":118676,"href":"https:\/\/rdnews.al\/index.php\/wp-json\/wp\/v2\/posts\/118663\/revisions\/118676"}],"wp:featuredmedia":[{"embeddable":true,"href":"https:\/\/rdnews.al\/index.php\/wp-json\/wp\/v2\/media\/118664"}],"wp:attachment":[{"href":"https:\/\/rdnews.al\/index.php\/wp-json\/wp\/v2\/media?parent=118663"}],"wp:term":[{"taxonomy":"category","embeddable":true,"href":"https:\/\/rdnews.al\/index.php\/wp-json\/wp\/v2\/categories?post=118663"},{"taxonomy":"post_tag","embeddable":true,"href":"https:\/\/rdnews.al\/index.php\/wp-json\/wp\/v2\/tags?post=118663"}],"curies":[{"name":"wp","href":"https:\/\/api.w.org\/{rel}","templated":true}]}}