{"id":118698,"date":"2025-07-10T19:24:12","date_gmt":"2025-07-10T19:24:12","guid":{"rendered":"https:\/\/rdnews.al\/?p=118698"},"modified":"2025-07-10T19:24:12","modified_gmt":"2025-07-10T19:24:12","slug":"projekti-i-betonizimit-masiv-te-vlores","status":"publish","type":"post","link":"https:\/\/rdnews.al\/index.php\/2025\/07\/10\/projekti-i-betonizimit-masiv-te-vlores\/","title":{"rendered":"Projekti i betonizimit masiv t\u00eb Vlor\u00ebs"},"content":{"rendered":"<p>Nj\u00eb projekt masiv q\u00eb parashikon rreth 90 mij\u00eb met\u00ebr katror nd\u00ebrtim do ta shnd\u00ebrroj\u00eb bregdetin e Vlor\u00ebs n\u00eb nj\u00eb koktejl kullash me ngjyra. Projekti \u00ebsht\u00eb hartuar nga studio arkitekturore Oppenheim p\u00ebr llogari t\u00eb kompanis\u00eb Feniks Konstruksion.<\/p>\n<div class=\"jeg_ad jeg_ad_article jnews_content_inline_ads  \">\n<div class=\"ads-wrapper align-center \">\n<div class=\"ads_code\"><\/div>\n<\/div>\n<\/div>\n<div class=\"jeg_video_container jeg_video_content\"><iframe loading=\"lazy\" title=\"Zbulohet projekti me KULLA\/ Rama, Oppenheim dhe Shyt\u00ebt shnd\u00ebrrojn\u00eb Vlor\u00ebn n\u00eb nj\u00eb geto me ngjyra\" src=\"https:\/\/www.youtube.com\/embed\/ZSQ4cC7d1Sw?feature=oembed\" width=\"500\" height=\"281\" frameborder=\"0\" allowfullscreen=\"allowfullscreen\" data-mce-fragment=\"1\"><\/iframe><\/div>\n<p>I vendosur n\u00eb nj\u00eb kryq\u00ebzim midis qytetit t\u00eb vjet\u00ebr, Pyllit t\u00eb Sod\u00ebs dhe nj\u00eb marine t\u00eb nd\u00ebrtuar rishtazi, projekti \u00ebsht\u00eb pag\u00ebzuar me emrin Vlore Beach Urban Development. Ai shtrihet n\u00eb nj\u00eb sip\u00ebrfaqe prej 20,465 metrash katror\u00eb dhe shton 89,320 metra katror\u00eb nd\u00ebrtime t\u00eb reja.<\/p>\n<p><img loading=\"lazy\" decoding=\"async\" class=\"alignnone size-medium wp-image-1573802\" src=\"https:\/\/boldnews.al\/wp-content\/uploads\/2025\/07\/ngjyra-2-640x326.jpg\" sizes=\"auto, (max-width: 640px) 100vw, 640px\" srcset=\"https:\/\/boldnews.al\/wp-content\/uploads\/2025\/07\/ngjyra-2-640x326.jpg 640w, https:\/\/boldnews.al\/wp-content\/uploads\/2025\/07\/ngjyra-2-1280x652.jpg 1280w, https:\/\/boldnews.al\/wp-content\/uploads\/2025\/07\/ngjyra-2-1024x522.jpg 1024w, https:\/\/boldnews.al\/wp-content\/uploads\/2025\/07\/ngjyra-2-1536x783.jpg 1536w, https:\/\/boldnews.al\/wp-content\/uploads\/2025\/07\/ngjyra-2-750x382.jpg 750w, https:\/\/boldnews.al\/wp-content\/uploads\/2025\/07\/ngjyra-2-1140x581.jpg 1140w, https:\/\/boldnews.al\/wp-content\/uploads\/2025\/07\/ngjyra-2.jpg 1690w\" alt=\"\" width=\"640\" height=\"326\" data-pin-no-hover=\"true\" \/><\/p>\n<p>Sipas Oppenheim, n\u00eb zem\u00ebr t\u00eb projektit \u00ebsht\u00eb nj\u00eb sh\u00ebtitore qendrore p\u00ebr k\u00ebmb\u00ebsor\u00eb q\u00eb shtrihet nga bulevardi n\u00eb plazh, e menduar si nj\u00eb shtyll\u00eb publike q\u00eb lidh arkitektur\u00ebn me peizazhin dhe jet\u00ebn e p\u00ebrditshme me ritmet m\u00eb t\u00eb m\u00ebdha t\u00eb qytetit.<\/p>\n<p>Sipas studios, ky projekt \u00ebsht\u00eb frym\u00ebzuar nga fshatrat shqiptar\u00eb, me struktura spontane, t\u00eb parregullta dhe t\u00eb formuara nga af\u00ebrsia sociale, t\u00eb riimagjinuara k\u00ebtu p\u00ebrmes nj\u00eb serie nukli, ose blloqesh urbane n\u00eb shkall\u00eb t\u00eb vog\u00ebl.<\/p>\n<p><img loading=\"lazy\" decoding=\"async\" class=\"alignnone size-medium wp-image-1573804\" src=\"https:\/\/boldnews.al\/wp-content\/uploads\/2025\/07\/ngjyra-4-640x872.jpg\" sizes=\"auto, (max-width: 640px) 100vw, 640px\" srcset=\"https:\/\/boldnews.al\/wp-content\/uploads\/2025\/07\/ngjyra-4-640x872.jpg 640w, https:\/\/boldnews.al\/wp-content\/uploads\/2025\/07\/ngjyra-4.jpg 646w\" alt=\"\" width=\"640\" height=\"872\" data-pin-no-hover=\"true\" \/><\/p>\n<p>K\u00ebto nd\u00ebrtesa shum\u00ebngjyr\u00ebshe jan\u00eb t\u00eb organizuara rreth hap\u00ebsirave t\u00eb p\u00ebrbashk\u00ebta dhe t\u00eb qepura s\u00eb bashku nga nj\u00eb korridor i rrethuar nga kafene, sheshe, dyqane dhe zona publike me hije.<\/p>\n<p>Por shfryt\u00ebzimi intensiv i tok\u00ebs dhe dend\u00ebsia e madhe e betonit e shnd\u00ebrron lagjen n\u00eb nj\u00eb geto t\u00eb ngjashme me favelat braziliane, ndon\u00ebse me m\u00eb shum\u00eb ngjyra dhe me m\u00eb shum\u00eb beton.<\/p>\n<p><img loading=\"lazy\" decoding=\"async\" class=\"alignnone size-medium wp-image-1573803\" src=\"https:\/\/boldnews.al\/wp-content\/uploads\/2025\/07\/ngjyra-3-640x820.jpg\" sizes=\"auto, (max-width: 640px) 100vw, 640px\" srcset=\"https:\/\/boldnews.al\/wp-content\/uploads\/2025\/07\/ngjyra-3-640x820.jpg 640w, https:\/\/boldnews.al\/wp-content\/uploads\/2025\/07\/ngjyra-3.jpg 655w\" alt=\"\" width=\"640\" height=\"820\" data-pin-no-hover=\"true\" \/><\/p>\n<p>Katet p\u00ebrdhese jan\u00eb parashikuar t\u00eb mbivendosin aktivitetit tregtar dhe at\u00eb rezidencial. Tre kulla, t\u00eb vendosura brenda struktur\u00ebs s\u00eb bllokut, ngrihen mbi shkall\u00ebn ndryshe modeste t\u00eb lagjes. Pozicionimi i tyre ruan korridoret e pamjes dhe hap\u00ebsir\u00ebn e hapur, nd\u00ebrsa fasadat e tyre ndjekin t\u00eb nj\u00ebjt\u00ebn gjuh\u00eb dizajni p\u00ebr t\u00eb mbajtur bised\u00ebn arkitekturore t\u00eb q\u00ebndrueshme.<\/p>\n<p>Oppeneheim thot\u00eb se Vlore Beach Urban Development e trajton vendin si nj\u00eb pik\u00eb konvergjence, nj\u00eb vend ku mjediset natyrore dhe t\u00eb nd\u00ebrtuara, t\u00eb trash\u00ebguara dhe ato q\u00eb po shfaqen jan\u00eb t\u00eb shtresuara.<\/p>\n<p>Nuk dihet ende n\u00ebse projekti e ka marr\u00eb lejen e nd\u00ebrtimit. Por ai \u00ebsht\u00eb b\u00ebr\u00eb p\u00ebr llogari t\u00eb kompanis\u00eb Feniks Konstruksion, e cila zot\u00ebrohet nga Ilir dhe Jaho Shyti.\/<a href=\"https:\/\/www.kapitali.al\/zbulohet-projekti-rama-oppenheim-dhe-shytet-shnderrojne-vloren-ne-nje-geto-me-ngjyra\/\" target=\"_blank\" rel=\"noopener\">\u00a0Kapitali.al<\/a><\/p>\n","protected":false},"excerpt":{"rendered":"<p>Nj\u00eb projekt masiv q\u00eb parashikon rreth 90 mij\u00eb met\u00ebr katror nd\u00ebrtim do ta shnd\u00ebrroj\u00eb bregdetin e Vlor\u00ebs n\u00eb nj\u00eb koktejl kullash me ngjyra. Projekti \u00ebsht\u00eb hartuar nga studio arkitekturore Oppenheim p\u00ebr llogari t\u00eb kompanis\u00eb Feniks Konstruksion. I vendosur n\u00eb nj\u00eb kryq\u00ebzim midis qytetit t\u00eb vjet\u00ebr, Pyllit t\u00eb Sod\u00ebs dhe nj\u00eb marine t\u00eb nd\u00ebrtuar rishtazi, projekti &hellip;<\/p>\n","protected":false},"author":3,"featured_media":118700,"comment_status":"closed","ping_status":"closed","sticky":false,"template":"","format":"standard","meta":{"footnotes":""},"categories":[37],"tags":[],"class_list":["post-118698","post","type-post","status-publish","format-standard","has-post-thumbnail","","category-politike"],"_links":{"self":[{"href":"https:\/\/rdnews.al\/index.php\/wp-json\/wp\/v2\/posts\/118698","targetHints":{"allow":["GET"]}}],"collection":[{"href":"https:\/\/rdnews.al\/index.php\/wp-json\/wp\/v2\/posts"}],"about":[{"href":"https:\/\/rdnews.al\/index.php\/wp-json\/wp\/v2\/types\/post"}],"author":[{"embeddable":true,"href":"https:\/\/rdnews.al\/index.php\/wp-json\/wp\/v2\/users\/3"}],"replies":[{"embeddable":true,"href":"https:\/\/rdnews.al\/index.php\/wp-json\/wp\/v2\/comments?post=118698"}],"version-history":[{"count":1,"href":"https:\/\/rdnews.al\/index.php\/wp-json\/wp\/v2\/posts\/118698\/revisions"}],"predecessor-version":[{"id":118701,"href":"https:\/\/rdnews.al\/index.php\/wp-json\/wp\/v2\/posts\/118698\/revisions\/118701"}],"wp:featuredmedia":[{"embeddable":true,"href":"https:\/\/rdnews.al\/index.php\/wp-json\/wp\/v2\/media\/118700"}],"wp:attachment":[{"href":"https:\/\/rdnews.al\/index.php\/wp-json\/wp\/v2\/media?parent=118698"}],"wp:term":[{"taxonomy":"category","embeddable":true,"href":"https:\/\/rdnews.al\/index.php\/wp-json\/wp\/v2\/categories?post=118698"},{"taxonomy":"post_tag","embeddable":true,"href":"https:\/\/rdnews.al\/index.php\/wp-json\/wp\/v2\/tags?post=118698"}],"curies":[{"name":"wp","href":"https:\/\/api.w.org\/{rel}","templated":true}]}}