{"id":118702,"date":"2025-07-10T19:58:50","date_gmt":"2025-07-10T19:58:50","guid":{"rendered":"https:\/\/rdnews.al\/?p=118702"},"modified":"2025-07-10T19:58:50","modified_gmt":"2025-07-10T19:58:50","slug":"sot-njerezve-u-duhet-opozita","status":"publish","type":"post","link":"https:\/\/rdnews.al\/index.php\/2025\/07\/10\/sot-njerezve-u-duhet-opozita\/","title":{"rendered":"Sot njer\u00ebzve u duhet opozita"},"content":{"rendered":"<div dir=\"auto\"><strong>Arben MESHI<\/strong><\/div>\n<div dir=\"auto\"><\/div>\n<div dir=\"auto\">Kur do prishej pallati q\u00eb nd\u00ebrtoj Dash Peza n\u00eb mes t\u00eb Tiran\u00ebs, i cili ishte n\u00eb paligjshm\u00ebri. Kryebashkiaku i at\u00ebhersh\u00ebm \u00e7oi policin\u00eb bashkiake p\u00ebr ta mbrojtur, duke e kund\u00ebrv\u00ebn\u00eb me policin\u00eb e shtetit, dhe p\u00ebrfundimi dihet , ai nd\u00ebrtim nuk u sh\u00ebmb.<\/div>\n<div dir=\"auto\"><\/div>\n<div dir=\"auto\">Sot deputet\u00ebt shqiptar\u00eb ata q\u00eb ishin dhe ata q\u00eb u zgjodh\u00ebn me 11 Maj, duhet t\u00eb jen\u00eb kudo t\u00eb ndar\u00eb n\u00eb grupe,n\u00eb \u00e7do qytet apo fshat,krahas banor\u00ebve bisnesit t\u00eb vog\u00ebl, q\u00eb t\u00eb mbrojn\u00eb djers\u00ebn dhe mundin e njer\u00ebzve q\u00eb po ju shkat\u00ebrrohet e ardhmja, q\u00eb nga Thethi deri n\u00eb Vlor\u00eb.<\/div>\n<div dir=\"auto\"><\/div>\n<div dir=\"auto\">Ndoshta jan\u00eb n\u00eb paligjshm\u00ebri, por nd\u00ebshkimi duhet t\u00eb filloj\u00eb nga ata q\u00eb i lejuan p\u00ebr vota, t\u00ebr\u00eb k\u00ebto vite ,q\u00eb mor\u00ebn ryshfete p\u00ebr k\u00ebto struktura,q\u00eb ishin t\u00eb kripura gati baraz me vler\u00ebn e investimit, dhe krijuan dhe kalvarin e lejeve t\u00eb nd\u00ebrtimit q\u00eb e merr m\u00eb me zor se sa fiton llotarin\u00eb, dhe t\u00eb kushton nj\u00eblloj pothuaj me rryshfetin e nd\u00ebrtimit pa leje .<\/div>\n<div dir=\"auto\">Nd\u00ebshkimi duhet t\u00eb filloj\u00eb nga KM nj\u00ebherash KBashiak i cdo qyteti, dhe adminstrator i \u00e7do pallati n\u00eb Shqip\u00ebri pastaj te ata q\u00eb imvestuan gabim me lejen e k\u00ebtyre q\u00eb i mbajn\u00eb peng para \u00e7do pal\u00eb zgjedhjesh.<\/div>\n<div dir=\"auto\"><\/div>\n<div dir=\"auto\">Sot k\u00ebtyre njer\u00ebzve ju duhet Opozita, nd\u00ebrsa nes\u00ebr k\u00ebta njer\u00ebz i duhen Opozit\u00ebs dhe k\u00ebta nuk mund ti blej\u00eb asnj\u00eb lek\u00eb apo \u201cleje\u201d p\u00ebr paligjshm\u00ebri nga pushteti i sot\u00ebm kandidat p\u00ebr diktatur\u00eb<\/div>\n","protected":false},"excerpt":{"rendered":"<p>Arben MESHI Kur do prishej pallati q\u00eb nd\u00ebrtoj Dash Peza n\u00eb mes t\u00eb Tiran\u00ebs, i cili ishte n\u00eb paligjshm\u00ebri. Kryebashkiaku i at\u00ebhersh\u00ebm \u00e7oi policin\u00eb bashkiake p\u00ebr ta mbrojtur, duke e kund\u00ebrv\u00ebn\u00eb me policin\u00eb e shtetit, dhe p\u00ebrfundimi dihet , ai nd\u00ebrtim nuk u sh\u00ebmb. Sot deputet\u00ebt shqiptar\u00eb ata q\u00eb ishin dhe ata q\u00eb u zgjodh\u00ebn &hellip;<\/p>\n","protected":false},"author":3,"featured_media":118703,"comment_status":"closed","ping_status":"closed","sticky":false,"template":"","format":"standard","meta":{"footnotes":""},"categories":[37],"tags":[],"class_list":["post-118702","post","type-post","status-publish","format-standard","has-post-thumbnail","","category-politike"],"_links":{"self":[{"href":"https:\/\/rdnews.al\/index.php\/wp-json\/wp\/v2\/posts\/118702","targetHints":{"allow":["GET"]}}],"collection":[{"href":"https:\/\/rdnews.al\/index.php\/wp-json\/wp\/v2\/posts"}],"about":[{"href":"https:\/\/rdnews.al\/index.php\/wp-json\/wp\/v2\/types\/post"}],"author":[{"embeddable":true,"href":"https:\/\/rdnews.al\/index.php\/wp-json\/wp\/v2\/users\/3"}],"replies":[{"embeddable":true,"href":"https:\/\/rdnews.al\/index.php\/wp-json\/wp\/v2\/comments?post=118702"}],"version-history":[{"count":1,"href":"https:\/\/rdnews.al\/index.php\/wp-json\/wp\/v2\/posts\/118702\/revisions"}],"predecessor-version":[{"id":118704,"href":"https:\/\/rdnews.al\/index.php\/wp-json\/wp\/v2\/posts\/118702\/revisions\/118704"}],"wp:featuredmedia":[{"embeddable":true,"href":"https:\/\/rdnews.al\/index.php\/wp-json\/wp\/v2\/media\/118703"}],"wp:attachment":[{"href":"https:\/\/rdnews.al\/index.php\/wp-json\/wp\/v2\/media?parent=118702"}],"wp:term":[{"taxonomy":"category","embeddable":true,"href":"https:\/\/rdnews.al\/index.php\/wp-json\/wp\/v2\/categories?post=118702"},{"taxonomy":"post_tag","embeddable":true,"href":"https:\/\/rdnews.al\/index.php\/wp-json\/wp\/v2\/tags?post=118702"}],"curies":[{"name":"wp","href":"https:\/\/api.w.org\/{rel}","templated":true}]}}