{"id":118726,"date":"2025-07-11T08:47:48","date_gmt":"2025-07-11T08:47:48","guid":{"rendered":"https:\/\/rdnews.al\/?p=118726"},"modified":"2025-07-11T08:47:48","modified_gmt":"2025-07-11T08:47:48","slug":"pas-kercenimeve-nga-rama-prokurorja-shkrese-klp-kerkoj-mbrojtje-nga-sulmet-e-papranueshme-politike","status":"publish","type":"post","link":"https:\/\/rdnews.al\/index.php\/2025\/07\/11\/pas-kercenimeve-nga-rama-prokurorja-shkrese-klp-kerkoj-mbrojtje-nga-sulmet-e-papranueshme-politike\/","title":{"rendered":"Pas k\u00ebrc\u00ebnimeve nga Rama, prokurorja shkres\u00eb KLP: K\u00ebrkoj mbrojtje nga sulmet e papranueshme politike!"},"content":{"rendered":"<p>Pas k\u00ebrc\u00ebnimeve nga kryeministri Edi Rama, prokurorja Elsa Gjeli i \u00ebsht\u00eb drejtuar me nj\u00eb shkres\u00eb KLP-s\u00eb, duke i shprehur shqet\u00ebsim p\u00ebr situat\u00ebn e krijuar n\u00eb Theth.<\/p>\n<p>Gjeli k\u00ebrkon nga KLP reagim publik \u201cndaj presionit publik, fyerjes dhe diskreditimit \u00a0t\u00eb figur\u00ebs s\u00eb Magjistratit dhe mbrojtjes s\u00eb pavar\u00ebsis\u00eb s\u00eb Magjistrat\u00ebve nga Kryeministri i Republik\u00ebs s\u00eb Shqip\u00ebris\u00eb, z. Edi Rama\u201d.<\/p>\n<p>Ajo shprehet se \u00ebsht\u00eb e gatshme t\u00eb p\u00ebrgjigjet para \u00e7do institucioni n\u00eb lidhje me akuzat ndaj saj.<\/p>\n<p><em>\u201cN\u00eb p\u00ebrputhje me kompetencat tuaja, lutem nga K\u00ebshilli i Lart\u00eb i Prokuroris\u00eb, q\u00eb: T\u00eb analizoj\u00eb sjelljen e Kryeministrit n\u00eb kontekstin e cenimit t\u00eb pavar\u00ebsis\u00eb s\u00eb Prokuroris\u00eb dhe respektimit t\u00eb ndarjes s\u00eb pushteteve; T\u00eb shqyrtoj\u00eb mund\u00ebsin\u00eb e nj\u00eb deklarate zyrtare n\u00eb mbrojtje t\u00eb trup\u00ebs s\u00eb Prokuror\u00ebve nga sulme t\u00eb papranueshme politike, duke theksuar se n\u00eb lidhje me rastin tim individual jam e gatshme t\u00eb hetohem para t\u00eb gjith\u00eb organeve t\u00eb drejt\u00ebsis\u00eb;<\/em><\/p>\n<p><em>T\u00eb nd\u00ebrmarr\u00eb hapa institucional\u00eb p\u00ebr t\u00eb garantuar sigurin\u00eb dhe integritetin profesional t\u00eb Magjistrat\u00ebve q\u00eb ndihen t\u00eb persekutuar p\u00ebr shkak t\u00eb vendimeve t\u00eb tyre t\u00eb pavarura. Deklaroj se jam e gatshme t\u00eb paraqes \u00e7do dokument shtes\u00eb dhe t\u00eb d\u00ebshmoj personalisht p\u00ebr ndikimin q\u00eb k\u00ebto deklarata kan\u00eb pasur n\u00eb mjedisin tim profesional dhe emocional.<\/em><\/p>\n<p><em>Nuk dua t\u00eb ndalem n\u00eb shum\u00eb ngjarje q\u00eb kam hetuar apo aktualisht jam duke hetuar, pasi nuk ka qen\u00eb dhe nuk do t\u00eb jet\u00eb kurr\u00eb objektiv i pun\u00ebs sime lancimi i ngjarjeve, por q\u00ebllimi \u00ebsht\u00eb lufta kund\u00ebr kriminalitetit dhe mbrojtja ndaj interesit publik n\u00eb \u00e7do moment, sipas betimit t\u00eb b\u00ebr\u00eb para Kushtetut\u00ebs dhe q\u00eb jam betuar q\u00eb do t\u2019a mbroj solemnisht n\u00eb \u00e7do moment.<\/em><\/p>\n<p><em>N\u00ebse nj\u00eb Prokuror, i cili \u00ebsht\u00eb duke hetuar aktualisht dhe duke konkluduar se do t\u00eb merren n\u00eb p\u00ebrgjegj\u00ebsi penale disa punonj\u00ebs t\u00eb IMT Mal\u00ebsi e Madhe p\u00ebr nd\u00ebrtim t\u00eb paligjsh\u00ebm, n\u00eb t\u00eb kund\u00ebrt ka kryer shkelje n\u00eb drejtim t\u00eb vendimmarrjes s\u00eb tij t\u00eb atakuar nga opinioni publik p\u00ebr rastin n\u00eb fjal\u00eb, do t\u00eb ju lutesha dhe do ju k\u00ebrkoja q\u00eb t\u00eb nd\u00ebrmerrnin masat p\u00ebrkat\u00ebse ato institucione q\u00eb ligj\u00ebrisht kan\u00eb detyrimin t\u00eb verifikojn\u00eb vendimmarrjen time, duke theksuar se jam e gatshme t\u00eb p\u00ebrballem me \u00e7do pasoj\u00eb t\u00eb mundshme, pasi kam bindjen e plot\u00eb q\u00eb vendimmarrja ime mund dhe duhet t\u00eb vler\u00ebsohet vet\u00ebm nga organet e p\u00ebrcaktuara nga Kushtetuta dhe ligji, por jo nga institucione jasht\u00eb pushtetit gjyq\u00ebsor. Lejimi i faktit t\u00eb kund\u00ebrt do t\u00eb cenonte r\u00ebnd\u00eb parime themelore kushtetuese<\/em>\u201d, shprehet n\u00eb let\u00ebr Gjeli.<\/p>\n<p>KLP, n\u00eb mbledhjen e sotme, e ka renditur n\u00eb list\u00ebn e k\u00ebrkesave p\u00ebr shqyrtim, por nuk dihet n\u00ebse do t\u00eb ket\u00eb ndonj\u00eb vendimmarrje.<\/p>\n<p>Nj\u00eb dit\u00eb m\u00eb par\u00eb, ministri i Drejt\u00ebsis\u00eb Ulsi Manja, pas k\u00ebrkes\u00ebs s\u00eb kryeministrit, iu drejtua me nj\u00eb shkres\u00eb ILD-s\u00eb p\u00ebr nisjen e ecuris\u00eb disiplinore ndaj prokurores. N\u00eb ankes\u00eb, ministri theksonte se prokurorja u bazua tek nj\u00eb ligj q\u00eb nuk ishte n\u00eb fuqi dhe e shkeli ligjin aktual, duke mos i filluar hetimet p\u00ebr kabinat e vendosura n\u00eb Theth. Sipas ministrit, \u2018prokurorja cenoi ushtrimin e hetimit ndaj kall\u00ebzimit q\u00eb b\u00ebri policia e Shkodr\u00ebs\u2019 .<\/p>\n<p>Rama denoncoi m\u00eb 7 korrik rastin e nd\u00ebrtimit pa leje dhe vendosjes s\u00eb kabinave t\u00eb pushimit n\u00eb Theth. Prokuroria e Shkodr\u00ebs reagoi menj\u00ebher\u00eb duke arsyetuar se \u201cvendimi ishte bazuar n\u00eb ligj, pasi strukturat jan\u00eb referuar nga policia si kontejner\u00eb t\u00eb p\u00ebrkohsh\u00ebm pa themele, t\u00eb vendosura jo mbi bazamente betoni por n\u00eb rrasa guri t\u00eb prera\u201d.<\/p>\n","protected":false},"excerpt":{"rendered":"<p>Pas k\u00ebrc\u00ebnimeve nga kryeministri Edi Rama, prokurorja Elsa Gjeli i \u00ebsht\u00eb drejtuar me nj\u00eb shkres\u00eb KLP-s\u00eb, duke i shprehur shqet\u00ebsim p\u00ebr situat\u00ebn e krijuar n\u00eb Theth. Gjeli k\u00ebrkon nga KLP reagim publik \u201cndaj presionit publik, fyerjes dhe diskreditimit \u00a0t\u00eb figur\u00ebs s\u00eb Magjistratit dhe mbrojtjes s\u00eb pavar\u00ebsis\u00eb s\u00eb Magjistrat\u00ebve nga Kryeministri i Republik\u00ebs s\u00eb Shqip\u00ebris\u00eb, z. &hellip;<\/p>\n","protected":false},"author":4,"featured_media":118727,"comment_status":"closed","ping_status":"closed","sticky":false,"template":"","format":"standard","meta":{"footnotes":""},"categories":[37],"tags":[],"class_list":["post-118726","post","type-post","status-publish","format-standard","has-post-thumbnail","","category-politike"],"_links":{"self":[{"href":"https:\/\/rdnews.al\/index.php\/wp-json\/wp\/v2\/posts\/118726","targetHints":{"allow":["GET"]}}],"collection":[{"href":"https:\/\/rdnews.al\/index.php\/wp-json\/wp\/v2\/posts"}],"about":[{"href":"https:\/\/rdnews.al\/index.php\/wp-json\/wp\/v2\/types\/post"}],"author":[{"embeddable":true,"href":"https:\/\/rdnews.al\/index.php\/wp-json\/wp\/v2\/users\/4"}],"replies":[{"embeddable":true,"href":"https:\/\/rdnews.al\/index.php\/wp-json\/wp\/v2\/comments?post=118726"}],"version-history":[{"count":1,"href":"https:\/\/rdnews.al\/index.php\/wp-json\/wp\/v2\/posts\/118726\/revisions"}],"predecessor-version":[{"id":118728,"href":"https:\/\/rdnews.al\/index.php\/wp-json\/wp\/v2\/posts\/118726\/revisions\/118728"}],"wp:featuredmedia":[{"embeddable":true,"href":"https:\/\/rdnews.al\/index.php\/wp-json\/wp\/v2\/media\/118727"}],"wp:attachment":[{"href":"https:\/\/rdnews.al\/index.php\/wp-json\/wp\/v2\/media?parent=118726"}],"wp:term":[{"taxonomy":"category","embeddable":true,"href":"https:\/\/rdnews.al\/index.php\/wp-json\/wp\/v2\/categories?post=118726"},{"taxonomy":"post_tag","embeddable":true,"href":"https:\/\/rdnews.al\/index.php\/wp-json\/wp\/v2\/tags?post=118726"}],"curies":[{"name":"wp","href":"https:\/\/api.w.org\/{rel}","templated":true}]}}