{"id":118742,"date":"2025-07-11T09:37:43","date_gmt":"2025-07-11T09:37:43","guid":{"rendered":"https:\/\/rdnews.al\/?p=118742"},"modified":"2025-07-11T10:16:52","modified_gmt":"2025-07-11T10:16:52","slug":"malaj-reagon-ndaj-rames-biznesi-i-vogel-po-pengohet-per-te-favorizuar-oligarket","status":"publish","type":"post","link":"https:\/\/rdnews.al\/index.php\/2025\/07\/11\/malaj-reagon-ndaj-rames-biznesi-i-vogel-po-pengohet-per-te-favorizuar-oligarket\/","title":{"rendered":"Reagimi i Malajt: N\u00ebse njer\u00ebzit do t\u00eb reagojn\u00eb Rama do ti th\u00ebrriste mendjes"},"content":{"rendered":"<p>Ish-ministri i Financave dhe nj\u00ebkoh\u00ebsisht ekspert i ekonomis\u00eb, Arben Malaj, ka kritikuar aksionin e fundit t\u00eb nisur nga qeveria, duke theksuar se p\u00ebrqendrimi tek oligark\u00ebt dhe bizneset e m\u00ebdha, nd\u00ebrsa injorohet biznesi i vog\u00ebl, po krijon pabarazi t\u00eb thell\u00eb dhe rritje t\u00eb pak\u00ebnaq\u00ebsis\u00eb sociale e politike.<\/p>\n<p>Malaj vuri n\u00eb dukje se vendimet arbitrare t\u00eb kryeministrit Rama, si nd\u00ebrhyrjet n\u00eb Lungomare apo shkarkimet e padrejta n\u00eb administrat\u00eb, jan\u00eb simptom\u00eb e nj\u00eb qeverisjeje q\u00eb po cenon institucionet dhe nd\u00ebshkon qytetar\u00ebt p\u00ebr interesa t\u00eb ngushta politike.<\/p>\n<p>Sipas tij, nd\u00ebrgjegj\u00ebsimi publik dhe reagimi demokratik p\u00ebrmes vot\u00ebs jan\u00eb e vetmja m\u00ebnyr\u00eb p\u00ebr t\u00eb frenuar autoritarizmin e pushtetit aktual.<\/p>\n<p>\u201c<em>K\u00ebndv\u00ebshtrimi i zhvillimit t\u00eb vendit ton\u00eb bazuar tek pronar\u00ebt e m\u00ebdhenj, oligark\u00ebt dhe tek bizneset e m\u00ebdhenj, duke penguar dhe injoruar biznesin e vog\u00ebl dhe mund\u00ebsit\u00eb e vogla t\u00eb \u00e7do pronari privat, \u00ebsht\u00eb nj\u00eb model ekonomik q\u00eb do t\u00eb sjell\u00eb pabarazi, agresivitet social dhe pse jo, agresivitet politik.<\/em><\/p>\n<p><em>Si frenohet Edi Rama?<\/em><\/p>\n<p><em>Duhet t\u00eb kemi parasysh q\u00eb, ndryshimet pozitive n\u00eb nj\u00eb vend duhet t\u00eb behen me vot\u00eb. Pra, q\u00eb do t\u00eb thot\u00eb, \u00ebsht\u00eb vrar\u00eb nd\u00ebrgjegj\u00ebsimi, \u00ebsht\u00eb vrar\u00eb nd\u00ebrgjegj\u00ebsimi publik. N\u00eb qoft\u00eb se t\u00eb gjith\u00eb ata q\u00eb kan\u00eb biznese n\u00eb Lungomare, n\u00eb m\u00ebnyr\u00eb t\u00eb unifikuar dhe thjesht paq\u00ebsore do t\u00eb bllokonin policin\u00eb, un\u00eb jam i bindur q\u00eb Rama do t\u2019i th\u00ebrriste edhe nj\u00ebher\u00eb mendjes s\u00eb vet\u00eb, sepse nuk mund t\u00eb hap\u00ebsh luft\u00eb me t\u00eb gjith\u00eb njer\u00ebzit thjesht e vet\u00ebm sepse kalon ai nj\u00eb dit\u00eb atje, nuk i p\u00eblqen nga pik\u00ebpamja grafike nj\u00eb zhgarravin\u00eb n\u00eb ato bizneset n\u00eb an\u00eb t\u00eb Lungomares. Dhe m\u00eb e keqja e shet si nj\u00eb fitore t\u00eb madhe. Si mund ta shes\u00eb si fitore nj\u00eb kryeminist\u00ebr k\u00ebt\u00eb\u2026<\/em><\/p>\n<p><em>Ka qen\u00eb 11 vjet kryetar bashkie, \u00ebsht\u00eb 13 vjet kryeminist\u00ebr dhe e shet si fitore di\u00e7ka q\u00eb kaloi n\u00eb rrug\u00eb, pa nj\u00eb kiosk\u00eb atje apo nj\u00eb \u00e7ad\u00ebr dhe dha urdh\u00ebr q\u00eb n\u00eb t\u00eb gjith\u00eb Shqip\u00ebrin\u00eb t\u00eb hiqen \u00e7adrat. Kjo \u00ebsht\u00eb\u2026. Gj\u00ebja e par\u00eb duhet t\u00eb ishte verifikimi i lejes, sepse jan\u00eb kosto q\u00eb do t\u2019i paguajn\u00eb taksa paguesit. N\u00eb qoft\u00eb se Ermali q\u00eb un\u00eb i b\u00ebra thirrje publike nga rrjetet sociale q\u00eb mos t\u00eb b\u00ebnte shkarkimin e 11 drejtor\u00ebve sepse do t\u00eb vej\u00eb n\u00eb SPAK dhe nuk e kisha k\u00ebrc\u00ebnim p\u00ebr Ermalin, e kisha nd\u00ebrgjegj\u00ebsim q\u00eb t\u00eb zbatoj\u00eb rregullat e shtetit.<\/em><\/p>\n<p><em>Do t\u00eb kishte firmosur pushimet, do t\u00eb ishin 21 drejtor\u00eb bashkie q\u00eb do t\u00eb merrnin t\u00eb drejt\u00ebn e pag\u00ebs p\u00ebr disa vite dhe k\u00ebto para nuk do ti paguante Rama, do t\u2019i paguanin taksapaguesit vlonjate.<\/em><\/p>\n<p><em>Ku \u00ebsht\u00eb Rama q\u00eb kujtohet tani p\u00ebr ujin n\u00eb Vlor\u00eb?\u201d,\u00a0<\/em>tha Malaj.<\/p>\n","protected":false},"excerpt":{"rendered":"<p>Ish-ministri i Financave dhe nj\u00ebkoh\u00ebsisht ekspert i ekonomis\u00eb, Arben Malaj, ka kritikuar aksionin e fundit t\u00eb nisur nga qeveria, duke theksuar se p\u00ebrqendrimi tek oligark\u00ebt dhe bizneset e m\u00ebdha, nd\u00ebrsa injorohet biznesi i vog\u00ebl, po krijon pabarazi t\u00eb thell\u00eb dhe rritje t\u00eb pak\u00ebnaq\u00ebsis\u00eb sociale e politike. Malaj vuri n\u00eb dukje se vendimet arbitrare t\u00eb kryeministrit &hellip;<\/p>\n","protected":false},"author":4,"featured_media":118743,"comment_status":"closed","ping_status":"closed","sticky":false,"template":"","format":"standard","meta":{"footnotes":""},"categories":[37],"tags":[],"class_list":["post-118742","post","type-post","status-publish","format-standard","has-post-thumbnail","","category-politike"],"_links":{"self":[{"href":"https:\/\/rdnews.al\/index.php\/wp-json\/wp\/v2\/posts\/118742","targetHints":{"allow":["GET"]}}],"collection":[{"href":"https:\/\/rdnews.al\/index.php\/wp-json\/wp\/v2\/posts"}],"about":[{"href":"https:\/\/rdnews.al\/index.php\/wp-json\/wp\/v2\/types\/post"}],"author":[{"embeddable":true,"href":"https:\/\/rdnews.al\/index.php\/wp-json\/wp\/v2\/users\/4"}],"replies":[{"embeddable":true,"href":"https:\/\/rdnews.al\/index.php\/wp-json\/wp\/v2\/comments?post=118742"}],"version-history":[{"count":3,"href":"https:\/\/rdnews.al\/index.php\/wp-json\/wp\/v2\/posts\/118742\/revisions"}],"predecessor-version":[{"id":118762,"href":"https:\/\/rdnews.al\/index.php\/wp-json\/wp\/v2\/posts\/118742\/revisions\/118762"}],"wp:featuredmedia":[{"embeddable":true,"href":"https:\/\/rdnews.al\/index.php\/wp-json\/wp\/v2\/media\/118743"}],"wp:attachment":[{"href":"https:\/\/rdnews.al\/index.php\/wp-json\/wp\/v2\/media?parent=118742"}],"wp:term":[{"taxonomy":"category","embeddable":true,"href":"https:\/\/rdnews.al\/index.php\/wp-json\/wp\/v2\/categories?post=118742"},{"taxonomy":"post_tag","embeddable":true,"href":"https:\/\/rdnews.al\/index.php\/wp-json\/wp\/v2\/tags?post=118742"}],"curies":[{"name":"wp","href":"https:\/\/api.w.org\/{rel}","templated":true}]}}