{"id":118745,"date":"2025-07-11T09:43:32","date_gmt":"2025-07-11T09:43:32","guid":{"rendered":"https:\/\/rdnews.al\/?p=118745"},"modified":"2025-07-11T09:43:32","modified_gmt":"2025-07-11T09:43:32","slug":"salianji-cdo-dite-ne-burg-eshte-prove-e-nje-regjimi-politik-qe-perdor-drejtesine-per-qellime-pushteti","status":"publish","type":"post","link":"https:\/\/rdnews.al\/index.php\/2025\/07\/11\/salianji-cdo-dite-ne-burg-eshte-prove-e-nje-regjimi-politik-qe-perdor-drejtesine-per-qellime-pushteti\/","title":{"rendered":"Salianji: \u00c7do dit\u00eb n\u00eb burg \u00ebsht\u00eb prov\u00eb e nj\u00eb regjimi politik q\u00eb p\u00ebrdor drejt\u00ebsin\u00eb p\u00ebr q\u00ebllime pushteti"},"content":{"rendered":"<p>Ish-deputeti i PD, Ervin Salianji, i shoq\u00ebruar nga avokati i tij, u paraqit k\u00ebt\u00eb t\u00eb premte n\u00eb Sh\u00ebrbimin e Prov\u00ebs, n\u00eb kuad\u00ebr t\u00eb lirimit t\u00eb tij me kusht. Teksa ka folur p\u00ebr mediat, ai \u00ebsht\u00eb shprehur se drejt\u00ebsia \u00ebsht\u00eb kthyer n\u00eb nj\u00eb instrument t\u00eb p\u00ebrdorur p\u00ebr interesa t\u00eb ngushta politike dhe p\u00ebr t\u00eb shtypur kund\u00ebrshtar\u00ebt.<\/p>\n<p>Salianji paralajm\u00ebron se do t\u00eb vijoj\u00eb betej\u00ebn ligjore n\u00eb Gjykat\u00ebn Kushtetuese dhe m\u00eb tej n\u00eb Strasburg, duke theksuar se do t\u00eb respektoj\u00eb vendimet gjyq\u00ebsore, por do t\u00eb p\u00ebrballet me t\u00eb gjitha format e padrejt\u00ebsis\u00eb q\u00eb, sipas tij, po imponohen n\u00eb vend.<\/p>\n<p>\u201cJemi n\u00eb kushtet e nj\u00eb regjimi, ku d\u00ebnimi im politik dhe \u00e7do dit\u00eb q\u00ebndrimi m\u00eb burg konfirmon q\u00eb p\u00ebr interesa politike dhe p\u00ebr \u00e7do interes tjet\u00ebr q\u00eb bie ndesh me ato t\u00eb vullnetit personal t\u00eb Edi Ram\u00ebs p\u00ebr t\u00eb mbajtur pushtetin me \u00e7do form\u00eb, p\u00ebrdoren t\u00eb gjitha institucionet dhe instrumentet ekstra politike p\u00ebr t\u00eb krijuar klim\u00eb terrori.<\/p>\n<p>Do t\u00eb jem p\u00ebrs\u00ebri edhe nj\u00eb her\u00eb tjet\u00ebr brenda k\u00ebtij muaji, pastaj n\u00eb vijim nd\u00ebrtohet nj\u00eb program p\u00ebr sh\u00ebrbimin e prov\u00ebs. P\u00ebrderisa \u00ebsht\u00eb krijuar ky institucion dhe ndeke zbatimin vendimit t\u00eb Gjykat\u00ebs, jam n\u00eb respekt t\u00eb vendimit.<\/p>\n<p>Pres zbardhjen e vendimit t\u00eb Gjykat\u00ebs s\u00eb lart\u00eb p\u00ebr t\u00eb vazhduar n\u00eb Gjykat\u00eb Kushtetuese dhe n\u00ebse nuk do ket\u00eb aty zgjidhje, mezi pres p\u00ebrballjen me regjimin n\u00eb Gjykat\u00ebn e Strasburgut\u201d, Salianji.<\/p>\n","protected":false},"excerpt":{"rendered":"<p>Ish-deputeti i PD, Ervin Salianji, i shoq\u00ebruar nga avokati i tij, u paraqit k\u00ebt\u00eb t\u00eb premte n\u00eb Sh\u00ebrbimin e Prov\u00ebs, n\u00eb kuad\u00ebr t\u00eb lirimit t\u00eb tij me kusht. Teksa ka folur p\u00ebr mediat, ai \u00ebsht\u00eb shprehur se drejt\u00ebsia \u00ebsht\u00eb kthyer n\u00eb nj\u00eb instrument t\u00eb p\u00ebrdorur p\u00ebr interesa t\u00eb ngushta politike dhe p\u00ebr t\u00eb shtypur kund\u00ebrshtar\u00ebt. &hellip;<\/p>\n","protected":false},"author":4,"featured_media":118746,"comment_status":"closed","ping_status":"closed","sticky":false,"template":"","format":"standard","meta":{"footnotes":""},"categories":[37],"tags":[],"class_list":["post-118745","post","type-post","status-publish","format-standard","has-post-thumbnail","","category-politike"],"_links":{"self":[{"href":"https:\/\/rdnews.al\/index.php\/wp-json\/wp\/v2\/posts\/118745","targetHints":{"allow":["GET"]}}],"collection":[{"href":"https:\/\/rdnews.al\/index.php\/wp-json\/wp\/v2\/posts"}],"about":[{"href":"https:\/\/rdnews.al\/index.php\/wp-json\/wp\/v2\/types\/post"}],"author":[{"embeddable":true,"href":"https:\/\/rdnews.al\/index.php\/wp-json\/wp\/v2\/users\/4"}],"replies":[{"embeddable":true,"href":"https:\/\/rdnews.al\/index.php\/wp-json\/wp\/v2\/comments?post=118745"}],"version-history":[{"count":1,"href":"https:\/\/rdnews.al\/index.php\/wp-json\/wp\/v2\/posts\/118745\/revisions"}],"predecessor-version":[{"id":118747,"href":"https:\/\/rdnews.al\/index.php\/wp-json\/wp\/v2\/posts\/118745\/revisions\/118747"}],"wp:featuredmedia":[{"embeddable":true,"href":"https:\/\/rdnews.al\/index.php\/wp-json\/wp\/v2\/media\/118746"}],"wp:attachment":[{"href":"https:\/\/rdnews.al\/index.php\/wp-json\/wp\/v2\/media?parent=118745"}],"wp:term":[{"taxonomy":"category","embeddable":true,"href":"https:\/\/rdnews.al\/index.php\/wp-json\/wp\/v2\/categories?post=118745"},{"taxonomy":"post_tag","embeddable":true,"href":"https:\/\/rdnews.al\/index.php\/wp-json\/wp\/v2\/tags?post=118745"}],"curies":[{"name":"wp","href":"https:\/\/api.w.org\/{rel}","templated":true}]}}