{"id":118751,"date":"2025-07-11T09:59:28","date_gmt":"2025-07-11T09:59:28","guid":{"rendered":"https:\/\/rdnews.al\/?p=118751"},"modified":"2025-07-11T09:59:28","modified_gmt":"2025-07-11T09:59:28","slug":"berisha-thethi-terror-dhe-zhurme-per-te-mbuluar-farsen-elektorale","status":"publish","type":"post","link":"https:\/\/rdnews.al\/index.php\/2025\/07\/11\/berisha-thethi-terror-dhe-zhurme-per-te-mbuluar-farsen-elektorale\/","title":{"rendered":"Berisha: Thethi terror dhe zhurm\u00eb p\u00ebr t\u00eb mbuluar fars\u00ebn elektorale!"},"content":{"rendered":"<p>Lideri i opozit\u00ebs, Sali Berisha ka akuzuar qeverin\u00eb dhe pushtetin vendor p\u00ebr dy standarde n\u00eb zbatimin e ligjit dhe p\u00ebr p\u00ebrpjekje p\u00ebr t\u00eb mbuluar, fars\u00ebn e zgjedhjeve t\u00eb fundit. N\u00eb nj\u00eb postim n\u00eb rrjetet sociale, Berisha shkruan:<\/p>\n<p>\u201cThethi terror dhe zhurm\u00eb p\u00ebr t\u00eb mbuluar fars\u00ebn elektorale.<\/p>\n<p>Shihni foton: Nd\u00ebrtim n\u00eb zon\u00ebn e mbrojtur n\u00eb Voskopoj\u00eb. N\u00ebn mbik\u00ebqyrjen e Kryetarit t\u00eb Bashkis\u00eb Kor\u00e7\u00eb dhe n\u00eb dijeni t\u00eb plot\u00eb t\u00eb IMT dhe IKMT\u201d, shkruan Berisha.<\/p>\n<p><iframe loading=\"lazy\" src=\"https:\/\/www.facebook.com\/plugins\/post.php?href=https%3A%2F%2Fwww.facebook.com%2FSaliBerisha%2Fposts%2Fpfbid02yCyA8LFBcaSZHT914oR2J3XAp8pL7UZYZSWJqpKnc44cMZCzPpcfBPpJ8RP6tBdXl&amp;show_text=true&amp;width=500\" width=\"500\" height=\"634\" frameborder=\"0\" scrolling=\"no\" allowfullscreen=\"allowfullscreen\" data-mce-fragment=\"1\"><\/iframe><\/p>\n","protected":false},"excerpt":{"rendered":"<p>Lideri i opozit\u00ebs, Sali Berisha ka akuzuar qeverin\u00eb dhe pushtetin vendor p\u00ebr dy standarde n\u00eb zbatimin e ligjit dhe p\u00ebr p\u00ebrpjekje p\u00ebr t\u00eb mbuluar, fars\u00ebn e zgjedhjeve t\u00eb fundit. N\u00eb nj\u00eb postim n\u00eb rrjetet sociale, Berisha shkruan: \u201cThethi terror dhe zhurm\u00eb p\u00ebr t\u00eb mbuluar fars\u00ebn elektorale. Shihni foton: Nd\u00ebrtim n\u00eb zon\u00ebn e mbrojtur n\u00eb Voskopoj\u00eb. &hellip;<\/p>\n","protected":false},"author":4,"featured_media":97399,"comment_status":"closed","ping_status":"closed","sticky":false,"template":"","format":"standard","meta":{"footnotes":""},"categories":[37],"tags":[],"class_list":["post-118751","post","type-post","status-publish","format-standard","has-post-thumbnail","","category-politike"],"_links":{"self":[{"href":"https:\/\/rdnews.al\/index.php\/wp-json\/wp\/v2\/posts\/118751","targetHints":{"allow":["GET"]}}],"collection":[{"href":"https:\/\/rdnews.al\/index.php\/wp-json\/wp\/v2\/posts"}],"about":[{"href":"https:\/\/rdnews.al\/index.php\/wp-json\/wp\/v2\/types\/post"}],"author":[{"embeddable":true,"href":"https:\/\/rdnews.al\/index.php\/wp-json\/wp\/v2\/users\/4"}],"replies":[{"embeddable":true,"href":"https:\/\/rdnews.al\/index.php\/wp-json\/wp\/v2\/comments?post=118751"}],"version-history":[{"count":1,"href":"https:\/\/rdnews.al\/index.php\/wp-json\/wp\/v2\/posts\/118751\/revisions"}],"predecessor-version":[{"id":118752,"href":"https:\/\/rdnews.al\/index.php\/wp-json\/wp\/v2\/posts\/118751\/revisions\/118752"}],"wp:featuredmedia":[{"embeddable":true,"href":"https:\/\/rdnews.al\/index.php\/wp-json\/wp\/v2\/media\/97399"}],"wp:attachment":[{"href":"https:\/\/rdnews.al\/index.php\/wp-json\/wp\/v2\/media?parent=118751"}],"wp:term":[{"taxonomy":"category","embeddable":true,"href":"https:\/\/rdnews.al\/index.php\/wp-json\/wp\/v2\/categories?post=118751"},{"taxonomy":"post_tag","embeddable":true,"href":"https:\/\/rdnews.al\/index.php\/wp-json\/wp\/v2\/tags?post=118751"}],"curies":[{"name":"wp","href":"https:\/\/api.w.org\/{rel}","templated":true}]}}