{"id":118787,"date":"2025-07-11T11:20:24","date_gmt":"2025-07-11T11:20:24","guid":{"rendered":"https:\/\/rdnews.al\/?p=118787"},"modified":"2025-07-11T11:20:24","modified_gmt":"2025-07-11T11:20:24","slug":"ceshtja-nuk-eshte-sa-jane-por-kush-jane-keshilletaret","status":"publish","type":"post","link":"https:\/\/rdnews.al\/index.php\/2025\/07\/11\/ceshtja-nuk-eshte-sa-jane-por-kush-jane-keshilletaret\/","title":{"rendered":"\u00c7\u00ebshtja nuk \u00ebsht\u00eb &#8220;sa jan\u00eb&#8221;, por &#8220;kush jan\u00eb k\u00ebshill\u00ebtar\u00ebt&#8221;&#8230;?"},"content":{"rendered":"<div id=\"rekl-49\"><strong>Nga Gent STRAZIMIRI<\/strong><\/div>\n<div class=\"readmore-text-here\">\n<p>\u00c7\u00ebshtja nuk \u00ebsht\u00eb \u2018sa jan\u00eb\u2019, por \u2018kush jan\u00eb k\u00ebshill\u00ebtar\u00ebt\u2019&#8230;?<\/p>\n<p>Jan\u00eb ata q\u00eb i dim\u00eb t\u00eb gjith\u00eb!<\/p>\n<div id=\"rekl-13\">\n<div id=\"__sap-ad-15\" class=\"__sap-ads __sap-html inline tracked\" data-title=\"Credins desktop Brenda lajmit 08\">Q\u00eb paguhen me lek\u00ebt tona, t\u00eb cilat duhet t\u00eb shkonin p\u00ebr investime n\u00eb rrjetet e kanalizimeve t\u00eb qyteteve q\u00eb po rriten e po b\u00ebhen &#8220;me kate&#8221;&#8230;<\/div>\n<\/div>\n<p>Jan\u00eb t\u00eb gjith\u00eb ata q\u00eb i d\u00ebgjoni n\u00ebp\u00ebr studio n\u00eb &#8220;prime&#8221;, duke l\u00ebvduar faktin q\u00eb kullat qindra-kat\u00ebshe jan\u00eb zhvillim, por q\u00eb kurr\u00eb nuk pyesin<\/p>\n<p>* &#8220;a ka mjaftuesh\u00ebm uj\u00eb t\u00eb past\u00ebr p\u00ebr t&#8217;i furnizuar?&#8221;, * &#8220;a ka mjaftuesh\u00ebm kanalizime p\u00ebr t\u00eb p\u00ebrballuar ujrat e zeza q\u00eb do prodhojn\u00eb?&#8221;&#8230;?<\/p>\n<p>Sikur vet\u00ebm KAQ! Pa i hyr\u00eb debatit<\/p>\n<p>* &#8220;a jan\u00eb pare droge?&#8221;,<\/p>\n<p>* &#8220;a e d\u00ebmtojn\u00eb ekonomin\u00eb reale?&#8221;<\/p>\n<p>* &#8220;a jan\u00eb shkak p\u00ebr falimentimin e mij\u00ebra bizneseve?&#8221;<\/p>\n<p>* &#8220;a jan\u00eb shkak p\u00ebr &#8220;dob\u00ebsimin&#8221; e euros?&#8221;<\/p>\n<p>Jan\u00eb &#8220;gazetar\u00ebt&#8221; q\u00eb &#8220;autocensurohen&#8221;!<\/p>\n<p>Jan\u00eb &#8220;analist\u00ebt&#8221;, &#8220;opinionist\u00ebt&#8221; e &#8220;politolog\u00ebt&#8221; q\u00eb shpjegojn\u00eb &#8220;\u00e7udira&#8221; nat\u00eb p\u00ebr nat\u00eb, e q\u00eb kurr\u00eb nuk u rezulton se p\u00ebrgjegj\u00ebs \u00ebsht\u00eb ky q\u00eb sot &#8220;\u00e7uditet&#8221; se sa shum\u00eb k\u00ebshill\u00ebtar\u00eb paska nj\u00eb drejtor UKT-je&#8230;<\/p>\n<p>Jan\u00eb grat\u00eb, motrat, kunatat apo dashnoret e prokuror\u00ebve, gjyqtar\u00ebve, polic\u00ebve e q\u00eb duhet ta ndalonin e t\u00eb fusnin n\u00eb burg &#8220;drejtor\u00ebt&#8221; abuzues&#8230;<\/p>\n<p>Paguhen t\u00eb gjith\u00eb me lek\u00ebt q\u00eb t\u00eb mungojn\u00eb ty p\u00ebr t\u00eb paguar faturat&#8230; duke nisur nga fatura e ujit&#8230;\ud83e\udd37\u200d\u2642\ufe0f<\/p>\n<p>Ti e di&#8230; dhe hesht!!!<\/p>\n<p>Ky q\u00eb tall &#8220;edin&#8221; me ju prej 12 vitesh, e q\u00eb do vazhdoj\u00eb ta tall\u00eb edhe 4 t\u00eb tjera, \u00ebsht\u00eb &#8220;kryeinxhinieri&#8221; i k\u00ebsaj &#8220;UKT-s\u00eb&#8221; p\u00ebr t\u00eb cil\u00ebn po flet&#8230;<\/p>\n<p>KAQ!<\/p>\n<div class=\"fotogaleri\">\n<div class=\"bx-wrapper\">\n<div class=\"bx-viewport\">\n<ul class=\"read-slider\">\n<li><a href=\"https:\/\/www.syri.net\/fotogaleria\/803584\/ceshtja-nuk-eshte-sa-jane-por-kush-jane-keshilletaret\/\" target=\"_blank\" rel=\"noopener\"><img decoding=\"async\" src=\"https:\/\/www.syri.net\/uploads\/syri.net\/images\/2025\/July\/11\/auto_518302011_24149913664639735_1850456100161203300_n1752232575.jpg\" \/><\/a><\/li>\n<\/ul>\n<\/div>\n<\/div>\n<\/div>\n<\/div>\n","protected":false},"excerpt":{"rendered":"<p>Nga Gent STRAZIMIRI \u00c7\u00ebshtja nuk \u00ebsht\u00eb \u2018sa jan\u00eb\u2019, por \u2018kush jan\u00eb k\u00ebshill\u00ebtar\u00ebt\u2019&#8230;? Jan\u00eb ata q\u00eb i dim\u00eb t\u00eb gjith\u00eb! Q\u00eb paguhen me lek\u00ebt tona, t\u00eb cilat duhet t\u00eb shkonin p\u00ebr investime n\u00eb rrjetet e kanalizimeve t\u00eb qyteteve q\u00eb po rriten e po b\u00ebhen &#8220;me kate&#8221;&#8230; Jan\u00eb t\u00eb gjith\u00eb ata q\u00eb i d\u00ebgjoni n\u00ebp\u00ebr studio n\u00eb &hellip;<\/p>\n","protected":false},"author":4,"featured_media":8847,"comment_status":"closed","ping_status":"closed","sticky":false,"template":"","format":"standard","meta":{"footnotes":""},"categories":[44],"tags":[],"class_list":["post-118787","post","type-post","status-publish","format-standard","has-post-thumbnail","","category-editorial"],"_links":{"self":[{"href":"https:\/\/rdnews.al\/index.php\/wp-json\/wp\/v2\/posts\/118787","targetHints":{"allow":["GET"]}}],"collection":[{"href":"https:\/\/rdnews.al\/index.php\/wp-json\/wp\/v2\/posts"}],"about":[{"href":"https:\/\/rdnews.al\/index.php\/wp-json\/wp\/v2\/types\/post"}],"author":[{"embeddable":true,"href":"https:\/\/rdnews.al\/index.php\/wp-json\/wp\/v2\/users\/4"}],"replies":[{"embeddable":true,"href":"https:\/\/rdnews.al\/index.php\/wp-json\/wp\/v2\/comments?post=118787"}],"version-history":[{"count":1,"href":"https:\/\/rdnews.al\/index.php\/wp-json\/wp\/v2\/posts\/118787\/revisions"}],"predecessor-version":[{"id":118789,"href":"https:\/\/rdnews.al\/index.php\/wp-json\/wp\/v2\/posts\/118787\/revisions\/118789"}],"wp:featuredmedia":[{"embeddable":true,"href":"https:\/\/rdnews.al\/index.php\/wp-json\/wp\/v2\/media\/8847"}],"wp:attachment":[{"href":"https:\/\/rdnews.al\/index.php\/wp-json\/wp\/v2\/media?parent=118787"}],"wp:term":[{"taxonomy":"category","embeddable":true,"href":"https:\/\/rdnews.al\/index.php\/wp-json\/wp\/v2\/categories?post=118787"},{"taxonomy":"post_tag","embeddable":true,"href":"https:\/\/rdnews.al\/index.php\/wp-json\/wp\/v2\/tags?post=118787"}],"curies":[{"name":"wp","href":"https:\/\/api.w.org\/{rel}","templated":true}]}}