{"id":118792,"date":"2025-07-11T11:26:54","date_gmt":"2025-07-11T11:26:54","guid":{"rendered":"https:\/\/rdnews.al\/?p=118792"},"modified":"2025-07-11T11:28:48","modified_gmt":"2025-07-11T11:28:48","slug":"farsa-elektorale-berisha-publikon-te-tjera-prova-tronditese-te-manipulimit-te-votave-se-diaspores","status":"publish","type":"post","link":"https:\/\/rdnews.al\/index.php\/2025\/07\/11\/farsa-elektorale-berisha-publikon-te-tjera-prova-tronditese-te-manipulimit-te-votave-se-diaspores\/","title":{"rendered":"Berisha publikon t\u00eb tjera prova trondit\u00ebse t\u00eb manipulimit t\u00eb votave t\u00eb diaspor\u00ebs!"},"content":{"rendered":"<p>T\u00eb tjera prova ka publikuar n\u00eb konferenc\u00ebn me gazetar\u00ebt t\u00eb zhvilluar sot, kreu i Partis\u00eb Demokratike Sali Berisha.<\/p>\n<p>Berisha tha se, provat d\u00ebshmojn\u00eb manipulimin e votave t\u00eb diaspor\u00ebs dhe se firmat tek zarfat e dor\u00ebzuar nga DHL-ja e qeveris\u00eb, jan\u00eb vet\u00ebm dy viza.<\/p>\n<p><strong>Berisha: <\/strong>Tani t\u00eb ndalemi tek farsa m\u00eb e sh\u00ebmtuar elektorale e 32 viteve t\u00eb fundit, farsa e 11 majit 2025.<\/p>\n<p>Kjo fars\u00eb pati aspektet m\u00eb t\u00eb sh\u00ebmtuara, m\u00eb t\u00eb egra, m\u00eb t\u00eb turpshme, por duhet t\u2019u them se kapitulli i diaspor\u00ebs apo q\u00ebndrimi i Ramaduros ndaj vot\u00ebs s\u00eb diaspor\u00ebs, tejkalon q\u00ebndrimin e cilitdo diktatori tjet\u00ebr n\u00eb histori.<\/p>\n<p>Posht\u00ebrimi q\u00eb i ka b\u00ebr\u00eb shqiptar\u00ebve n\u00eb diaspor\u00eb me manipulimin masiv t\u00eb votave t\u00eb tyre, Edi Rama \u00ebsht\u00eb faktuar se \u00ebsht\u00eb armik i eg\u00ebr i vot\u00ebs s\u00eb lir\u00eb t\u00eb shqiptar\u00ebve, por edhe i shqiptar\u00ebve kudo q\u00eb jan\u00eb jasht\u00eb vendit.<\/p>\n<p>Tani jemi p\u00ebrs\u00ebri n\u00eb faz\u00ebn e procesit me t\u00eb cilin DHL-ja e qeveris\u00eb u ka dor\u00ebzuar votuesve zarfet sepse kthimin ata po p\u00ebrpiqen ta fshehin.<\/p>\n<p>Sepse kthimi \u00ebsht\u00eb edhe m\u00eb i r\u00ebnd\u00eb ose kaq i r\u00ebnd\u00eb sa ky.<\/p>\n<p>K\u00ebtu keni nj\u00eb gj\u00eb q\u00eb nuk do ta besoni.<\/p>\n<p>T\u00eb gjitha k\u00ebto p\u00ebrfaq\u00ebsojn\u00eb zarfet e adresuara Vangjelit, Adriatikut, Beharit&#8230;<\/p>\n<p>Tani, u lutem, shikoni firmat q\u00eb ka vendosur Vangjeli, firma \u00ebsht\u00eb nj\u00eb drejt\u00ebz. Firma, sikur gjoja e ka marr\u00eb Vangjeli k\u00ebt\u00eb. Firma tjet\u00ebr dy viza q\u00eb kryq\u00ebzohen n\u00eb fund.<\/p>\n<p>Firma tjet\u00ebr, nj\u00eb viz\u00eb e shtrir\u00eb.<\/p>\n<p>Firma tjet\u00ebr kjo, firma tjet\u00ebr nj\u00eb zhgarravin\u00eb.<\/p>\n<p>Firma tjet\u00ebr p\u00ebrs\u00ebri nj\u00eb viz\u00eb q\u00eb duhet ta merrte Aida.<\/p>\n<p>Kjo tjetra \u00ebsht\u00eb Skerdi, nj\u00eb viz\u00eb.<\/p>\n<p>Vazhdojm\u00eb me t\u00eb tjera.<\/p>\n<p>K\u00ebto jan\u00eb t\u00eb tjera, viz\u00eb, kjo \u00ebsht\u00eb firm\u00eb e DHL-s\u00eb.<\/p>\n<p>Firma, firma, firma nj\u00eb viz\u00eb&#8230;<\/p>\n<p>Pra, firm\u00eb nj\u00eb viz\u00eb. Firm\u00eb nj\u00eb viz\u00eb.<\/p>\n<p>Firm\u00eb nj\u00eb V. Firm\u00eb nj\u00eb viz\u00eb.<\/p>\n<p>T\u00eb tjerat, dy viza vertikale. Nj\u00eb viz\u00eb, nj\u00eb viz\u00eb e pjerr\u00ebt, nj\u00eb viz\u00eb e drejt\u00eb, nj\u00eb viz\u00eb vertikale, nj\u00eb viz\u00eb e p\u00ebrkulur.<\/p>\n<p>K\u00ebto jan\u00eb firmat e atyre q\u00eb kan\u00eb marr\u00eb gjoja zarfin me flet\u00ebn e votimit.<\/p>\n<p>Firm\u00eb dy viza, nj\u00eb grem\u00e7, viz\u00eb e drejt\u00eb, viz\u00eb e p\u00ebrthyer. Vazhdojm\u00eb me firmat.<\/p>\n<p>K\u00ebto jan\u00eb firmat. Nj\u00eb V.<\/p>\n<p>Vazhdojm\u00eb me firmat, viz\u00eb e drejt\u00eb, tre viza, nj\u00eb V, viz\u00eb e drejt\u00eb, viz\u00eb e drejt\u00eb.<\/p>\n<p>E nj\u00ebjta gj\u00eb, vazhdojm\u00eb.<\/p>\n<p>Urdh\u00ebroni. Viza, t\u00eb gjitha viza.<\/p>\n<p>Faktikisht k\u00ebto nuk kan\u00eb shkuar, kan\u00eb shkuar n\u00eb nj\u00eb zyr\u00eb dhe jan\u00eb mbushur nga Lubia, nga P\u00ebllumbesha, nga Taotao, etj me radh\u00eb.<\/p>\n<p>Nuk jan\u00eb lodhur, i kan\u00eb r\u00ebn\u00eb shkurt me nga nj\u00eb viz\u00eb.<\/p>\n<p>Viza, viza, viza&#8230;<\/p>\n","protected":false},"excerpt":{"rendered":"<p>T\u00eb tjera prova ka publikuar n\u00eb konferenc\u00ebn me gazetar\u00ebt t\u00eb zhvilluar sot, kreu i Partis\u00eb Demokratike Sali Berisha. Berisha tha se, provat d\u00ebshmojn\u00eb manipulimin e votave t\u00eb diaspor\u00ebs dhe se firmat tek zarfat e dor\u00ebzuar nga DHL-ja e qeveris\u00eb, jan\u00eb vet\u00ebm dy viza. Berisha: Tani t\u00eb ndalemi tek farsa m\u00eb e sh\u00ebmtuar elektorale e 32 &hellip;<\/p>\n","protected":false},"author":4,"featured_media":118794,"comment_status":"closed","ping_status":"closed","sticky":false,"template":"","format":"standard","meta":{"footnotes":""},"categories":[37],"tags":[],"class_list":["post-118792","post","type-post","status-publish","format-standard","has-post-thumbnail","","category-politike"],"_links":{"self":[{"href":"https:\/\/rdnews.al\/index.php\/wp-json\/wp\/v2\/posts\/118792","targetHints":{"allow":["GET"]}}],"collection":[{"href":"https:\/\/rdnews.al\/index.php\/wp-json\/wp\/v2\/posts"}],"about":[{"href":"https:\/\/rdnews.al\/index.php\/wp-json\/wp\/v2\/types\/post"}],"author":[{"embeddable":true,"href":"https:\/\/rdnews.al\/index.php\/wp-json\/wp\/v2\/users\/4"}],"replies":[{"embeddable":true,"href":"https:\/\/rdnews.al\/index.php\/wp-json\/wp\/v2\/comments?post=118792"}],"version-history":[{"count":2,"href":"https:\/\/rdnews.al\/index.php\/wp-json\/wp\/v2\/posts\/118792\/revisions"}],"predecessor-version":[{"id":118796,"href":"https:\/\/rdnews.al\/index.php\/wp-json\/wp\/v2\/posts\/118792\/revisions\/118796"}],"wp:featuredmedia":[{"embeddable":true,"href":"https:\/\/rdnews.al\/index.php\/wp-json\/wp\/v2\/media\/118794"}],"wp:attachment":[{"href":"https:\/\/rdnews.al\/index.php\/wp-json\/wp\/v2\/media?parent=118792"}],"wp:term":[{"taxonomy":"category","embeddable":true,"href":"https:\/\/rdnews.al\/index.php\/wp-json\/wp\/v2\/categories?post=118792"},{"taxonomy":"post_tag","embeddable":true,"href":"https:\/\/rdnews.al\/index.php\/wp-json\/wp\/v2\/tags?post=118792"}],"curies":[{"name":"wp","href":"https:\/\/api.w.org\/{rel}","templated":true}]}}