{"id":118803,"date":"2025-07-11T11:37:55","date_gmt":"2025-07-11T11:37:55","guid":{"rendered":"https:\/\/rdnews.al\/?p=118803"},"modified":"2025-07-11T11:37:55","modified_gmt":"2025-07-11T11:37:55","slug":"berisha-ramaduro-eshte-vete-kryeminister-vete-kryeprokuror-vete-kryepolic-vete-kryetar-bashkie","status":"publish","type":"post","link":"https:\/\/rdnews.al\/index.php\/2025\/07\/11\/berisha-ramaduro-eshte-vete-kryeminister-vete-kryeprokuror-vete-kryepolic-vete-kryetar-bashkie\/","title":{"rendered":"Berisha: Ramaduro \u00ebsht\u00eb vet\u00eb kryeminist\u00ebr, vet\u00eb kryeprokuror, vet\u00eb kryepolic, vet\u00eb kryetar bashkie!"},"content":{"rendered":"<p>Lideri i Opozit\u00ebs, Sali Berisha, u shpreh n\u00eb konferenc\u00ebn me gazetar\u00ebt se marrja e kompetencave t\u00eb Ram\u00ebs n\u00eb pushtetin vendor, \u00ebsht\u00eb akt i r\u00ebnd\u00eb kushtetues dhe nj\u00eb shkelje e hapur e Kart\u00ebs s\u00eb Kongresit t\u00eb Autoriteteve Lokale dhe Rajonalee t\u00eb K\u00ebshillit t\u00eb Europ\u00ebs.<\/p>\n<p>Berisha tha se, \u00ebsht\u00eb nj\u00eb shkelje e r\u00ebnd\u00eb e vendimit t\u00eb Gjykat\u00ebs Kushtetuese t\u00eb dhjetorit 2006 q\u00eb ndalon apo i heq t\u00eb drejt\u00ebn qeveris\u00eb qendrore t\u00eb mos b\u00ebj asnj\u00eb ndryshim n\u00eb vendimet e qeveris\u00eb vendore.<\/p>\n<p>\u201cNuk ka diskutim q\u00eb marrja e kompetencave t\u00eb qeveris\u00eb vendore nga qeveria qendrore \u00ebsht\u00eb nj\u00eb akt i r\u00ebnd\u00eb antikushtetues dhe \u00ebsht\u00eb nj\u00eb shkelje e hapur e Kart\u00ebs s\u00eb Kongresit t\u00eb Autoriteteve Lokale dhe Rajonale t\u00eb K\u00ebshillit t\u00eb Europ\u00ebs, t\u00eb firmosur nga Shqip\u00ebria.<\/p>\n<p>\u00cbsht\u00eb nj\u00eb shkelje e r\u00ebnd\u00eb e vendimit t\u00eb Gjykat\u00ebs Kushtetuese t\u00eb dhjetorit 2006 q\u00eb ndalon apo i heq t\u00eb drejt\u00ebn qeveris\u00eb qendrore t\u00eb mos b\u00ebj asnj\u00eb ndryshim n\u00eb vendimet e qeveris\u00eb vendore.<\/p>\n<p>Gjykata Kushtetuese ka vendosur n\u00eb at\u00eb vendim q\u00eb p\u00ebr objeksionet q\u00eb mund t\u00eb ket\u00eb qeveria qendrore, ajo nuk mund t\u00eb nd\u00ebrhyj\u00eb n\u00eb asnj\u00eb rrug\u00eb p\u00ebrve\u00e7se p\u00ebrmes gjykatave. Ta padis\u00eb n\u00eb gjykat\u00eb.<\/p>\n<p>Ramaduro \u00ebsht\u00eb vet\u00eb kryeminist\u00ebr, vet\u00eb kryeprokuror, vet\u00eb kryepolic, vet\u00eb kryetar bashkie, ndaj ai sillet n\u00eb k\u00ebt\u00eb m\u00ebnyr\u00eb.<\/p>\n<p>Por pse un\u00eb vazhdoj dhe do t\u00eb vazhdoj n\u00eb k\u00ebto denoncime?<\/p>\n<p>Midis t\u00eb gjitha t\u00eb drejtave, fjala e lir\u00eb dhe vota e lir\u00eb jan\u00eb t\u00eb drejtat m\u00eb themelore.<\/p>\n<p>T\u00eb gjitha t\u00eb tjerat vijn\u00eb pas.<\/p>\n<p>Un\u00eb nuk ua lexova ju raportin se \u00e7far\u00eb thot\u00eb p\u00ebr mediat dhe fjal\u00ebn e lir\u00eb. \u00c7far\u00eb thot\u00eb p\u00ebr AMA-n dhe kontrollin nga qeveria dhe q\u00eb jan\u00eb shum\u00eb t\u00eb r\u00ebnda.<\/p>\n<p>Por po merrem gjithnj\u00eb me vot\u00ebn, pa t\u00eb cil\u00ebn nuk ka demokraci.<\/p>\n<p>Pa t\u00eb cil\u00ebn nuk ka shtet ligjor.<\/p>\n<p>Shteti ligjor, kushtetutshm\u00ebria, liria dhe t\u00eb drejtat baz\u00eb kan\u00eb n\u00eb themel vot\u00ebn e lir\u00eb, vullnetin e lir\u00eb t\u00eb qytetar\u00ebve\u201d, tha Berisha.<\/p>\n","protected":false},"excerpt":{"rendered":"<p>Lideri i Opozit\u00ebs, Sali Berisha, u shpreh n\u00eb konferenc\u00ebn me gazetar\u00ebt se marrja e kompetencave t\u00eb Ram\u00ebs n\u00eb pushtetin vendor, \u00ebsht\u00eb akt i r\u00ebnd\u00eb kushtetues dhe nj\u00eb shkelje e hapur e Kart\u00ebs s\u00eb Kongresit t\u00eb Autoriteteve Lokale dhe Rajonalee t\u00eb K\u00ebshillit t\u00eb Europ\u00ebs. Berisha tha se, \u00ebsht\u00eb nj\u00eb shkelje e r\u00ebnd\u00eb e vendimit t\u00eb Gjykat\u00ebs &hellip;<\/p>\n","protected":false},"author":4,"featured_media":118804,"comment_status":"closed","ping_status":"closed","sticky":false,"template":"","format":"standard","meta":{"footnotes":""},"categories":[37],"tags":[],"class_list":["post-118803","post","type-post","status-publish","format-standard","has-post-thumbnail","","category-politike"],"_links":{"self":[{"href":"https:\/\/rdnews.al\/index.php\/wp-json\/wp\/v2\/posts\/118803","targetHints":{"allow":["GET"]}}],"collection":[{"href":"https:\/\/rdnews.al\/index.php\/wp-json\/wp\/v2\/posts"}],"about":[{"href":"https:\/\/rdnews.al\/index.php\/wp-json\/wp\/v2\/types\/post"}],"author":[{"embeddable":true,"href":"https:\/\/rdnews.al\/index.php\/wp-json\/wp\/v2\/users\/4"}],"replies":[{"embeddable":true,"href":"https:\/\/rdnews.al\/index.php\/wp-json\/wp\/v2\/comments?post=118803"}],"version-history":[{"count":1,"href":"https:\/\/rdnews.al\/index.php\/wp-json\/wp\/v2\/posts\/118803\/revisions"}],"predecessor-version":[{"id":118805,"href":"https:\/\/rdnews.al\/index.php\/wp-json\/wp\/v2\/posts\/118803\/revisions\/118805"}],"wp:featuredmedia":[{"embeddable":true,"href":"https:\/\/rdnews.al\/index.php\/wp-json\/wp\/v2\/media\/118804"}],"wp:attachment":[{"href":"https:\/\/rdnews.al\/index.php\/wp-json\/wp\/v2\/media?parent=118803"}],"wp:term":[{"taxonomy":"category","embeddable":true,"href":"https:\/\/rdnews.al\/index.php\/wp-json\/wp\/v2\/categories?post=118803"},{"taxonomy":"post_tag","embeddable":true,"href":"https:\/\/rdnews.al\/index.php\/wp-json\/wp\/v2\/tags?post=118803"}],"curies":[{"name":"wp","href":"https:\/\/api.w.org\/{rel}","templated":true}]}}