{"id":118808,"date":"2025-07-11T11:44:19","date_gmt":"2025-07-11T11:44:19","guid":{"rendered":"https:\/\/rdnews.al\/?p=118808"},"modified":"2025-07-11T11:44:19","modified_gmt":"2025-07-11T11:44:19","slug":"berisha-nuk-ulemi-me-qeverine-per-reformen-territoriale-sepse-nuk-e-njohim-legjitimitetin-e-rames","status":"publish","type":"post","link":"https:\/\/rdnews.al\/index.php\/2025\/07\/11\/berisha-nuk-ulemi-me-qeverine-per-reformen-territoriale-sepse-nuk-e-njohim-legjitimitetin-e-rames\/","title":{"rendered":"Berisha: Nuk ulemi me qeverin\u00eb p\u00ebr reform\u00ebn territoriale sepse nuk e njohim legjitimitetin e Ram\u00ebs!"},"content":{"rendered":"<p>Kryetari i Partis\u00eb Demokratike, Sali Berisha, ka b\u00ebr\u00eb t\u00eb qart\u00eb se PD nuk do t\u00eb ulet p\u00ebr t\u00eb diskutuar p\u00ebr reform\u00ebn territoriale me qeverin\u00eb e Edi Ram\u00ebs, duke theksuar se ata nuk e njohin legjitimitetin e tij si kryeminist\u00ebr.<br \/>\nBerisha shtoi se Partia Demokratike nuk mund t\u00eb pranoj\u00eb t\u00eb negocioj\u00eb me nj\u00eb qeveri q\u00eb ka arritur pushtetin p\u00ebrmes, si\u00e7 e quajti ai, farsave elektorale.<br \/>\n\u201cPartia Demokratike nuk njeh legjitimitetin e Edi Ram\u00ebs si kryeminist\u00ebr dhe nuk mund t\u00eb pranoj\u00eb t\u00eb ulet me t\u00eb.<br \/>\nPD nuk mund t\u00eb pranoj\u00eb legjitimitet karrigesh mbi farsa elektorale.<br \/>\nAi nuk ka legjitimitet.<br \/>\nReforma zgjedhore b\u00ebhet nga partit\u00eb politike. Un\u00eb nuk them se PS nuk \u00ebsht\u00eb nj\u00eb parti e spektrit politik n\u00eb Shqip\u00ebri.<br \/>\nReform\u00ebn zgjedhore e b\u00ebjn\u00eb partit\u00eb politike, nuk e b\u00ebn qeveria.<br \/>\nAi po, b\u00ebri gjith\u00e7ka, e anuloi reform\u00ebn q\u00eb u arrit, vuri dor\u00ebn e tij t\u00eb zez\u00eb dhe arriti ato q\u00eb deshi.<br \/>\nPor reforma zgjedhore \u00ebsht\u00eb gjithnj\u00eb atribut i partive politike.<br \/>\nPS \u00ebsht\u00eb faktor politik i pluralizmit politik n\u00eb Shqip\u00ebri, nuk u p\u00ebrcaktojm\u00eb ne kush do zgjedh\u00eb kryetar ajo apo kush \u00ebsht\u00eb kryetari i saj, k\u00ebshtu q\u00eb me PS ne nuk mund t\u00eb themi se nuk do ulemi p\u00ebr reform\u00ebn elektorale.<br \/>\nKa rekomandime dhe ne ato do i shqyrtojm\u00eb.<br \/>\nPor jo me qeverin\u00eb, me qeverin\u00eb nuk kemi asnj\u00eb pun\u00eb.<br \/>\nQeveria nuk ka legjitimitet n\u00eb k\u00ebto zgjedhje, ka humbur legjitimitetin\u201d, tha Berisha.<\/p>\n","protected":false},"excerpt":{"rendered":"<p>Kryetari i Partis\u00eb Demokratike, Sali Berisha, ka b\u00ebr\u00eb t\u00eb qart\u00eb se PD nuk do t\u00eb ulet p\u00ebr t\u00eb diskutuar p\u00ebr reform\u00ebn territoriale me qeverin\u00eb e Edi Ram\u00ebs, duke theksuar se ata nuk e njohin legjitimitetin e tij si kryeminist\u00ebr. Berisha shtoi se Partia Demokratike nuk mund t\u00eb pranoj\u00eb t\u00eb negocioj\u00eb me nj\u00eb qeveri q\u00eb ka &hellip;<\/p>\n","protected":false},"author":4,"featured_media":118793,"comment_status":"closed","ping_status":"closed","sticky":false,"template":"","format":"standard","meta":{"footnotes":""},"categories":[37],"tags":[],"class_list":["post-118808","post","type-post","status-publish","format-standard","has-post-thumbnail","","category-politike"],"_links":{"self":[{"href":"https:\/\/rdnews.al\/index.php\/wp-json\/wp\/v2\/posts\/118808","targetHints":{"allow":["GET"]}}],"collection":[{"href":"https:\/\/rdnews.al\/index.php\/wp-json\/wp\/v2\/posts"}],"about":[{"href":"https:\/\/rdnews.al\/index.php\/wp-json\/wp\/v2\/types\/post"}],"author":[{"embeddable":true,"href":"https:\/\/rdnews.al\/index.php\/wp-json\/wp\/v2\/users\/4"}],"replies":[{"embeddable":true,"href":"https:\/\/rdnews.al\/index.php\/wp-json\/wp\/v2\/comments?post=118808"}],"version-history":[{"count":1,"href":"https:\/\/rdnews.al\/index.php\/wp-json\/wp\/v2\/posts\/118808\/revisions"}],"predecessor-version":[{"id":118809,"href":"https:\/\/rdnews.al\/index.php\/wp-json\/wp\/v2\/posts\/118808\/revisions\/118809"}],"wp:featuredmedia":[{"embeddable":true,"href":"https:\/\/rdnews.al\/index.php\/wp-json\/wp\/v2\/media\/118793"}],"wp:attachment":[{"href":"https:\/\/rdnews.al\/index.php\/wp-json\/wp\/v2\/media?parent=118808"}],"wp:term":[{"taxonomy":"category","embeddable":true,"href":"https:\/\/rdnews.al\/index.php\/wp-json\/wp\/v2\/categories?post=118808"},{"taxonomy":"post_tag","embeddable":true,"href":"https:\/\/rdnews.al\/index.php\/wp-json\/wp\/v2\/tags?post=118808"}],"curies":[{"name":"wp","href":"https:\/\/api.w.org\/{rel}","templated":true}]}}