{"id":118810,"date":"2025-07-11T13:09:41","date_gmt":"2025-07-11T13:09:41","guid":{"rendered":"https:\/\/rdnews.al\/?p=118810"},"modified":"2025-07-11T13:09:41","modified_gmt":"2025-07-11T13:09:41","slug":"pd-nuk-e-njeh-ramen-si-kreminister-legjitim-reagimi","status":"publish","type":"post","link":"https:\/\/rdnews.al\/index.php\/2025\/07\/11\/pd-nuk-e-njeh-ramen-si-kreminister-legjitim-reagimi\/","title":{"rendered":"PD nuk e njeh Ram\u00ebn si Kreminist\u00ebr legjitim, reagimi&#8230;"},"content":{"rendered":"<p><strong>Z.Berisha, a jeni i gatsh\u00ebm p\u00ebr t\u2019u ulur p\u00ebr t\u00eb diskutuar me reform\u00ebn territoriale me kryeministrin Edi Rama? PD, a \u00ebsht\u00eb e gatshme, p\u00ebr sa koh\u00eb kryeministri ka deklaruar se duhet nj\u00eb reform\u00eb e re territoriale.<\/strong><\/p>\n<p><strong><em>Berisha:<\/em><\/strong>\u00a0PD nuk njeh legjitimitetin e Edi Ram\u00ebs si kryeminist\u00ebr dhe nuk mund t\u00eb pranoj\u00eb t\u00eb ulet me t\u00eb.<\/p>\n<p>PD nuk mund t\u00eb pranoj\u00eb legjitimitet karrigesh mbi farsa elektorale.<\/p>\n<p>Ai nuk ka legjitimitet.<\/p>\n<p>Reforma zgjedhore b\u00ebhet nga partit\u00eb politike. Un\u00eb nuk them se PS nuk \u00ebsht\u00eb nj\u00eb parti e spektrit politik n\u00eb Shqip\u00ebri.<\/p>\n<p>Reform\u00ebn zgjedhore e b\u00ebjn\u00eb partit\u00eb politike, nuk e b\u00ebn qeveria.<\/p>\n<p>Ai po, b\u00ebri gjith\u00e7ka, e anuloi reform\u00ebn q\u00eb u arrit, vuri dor\u00ebn e tij t\u00eb zez\u00eb dhe arriti ato q\u00eb deshi.<\/p>\n","protected":false},"excerpt":{"rendered":"<p>Z.Berisha, a jeni i gatsh\u00ebm p\u00ebr t\u2019u ulur p\u00ebr t\u00eb diskutuar me reform\u00ebn territoriale me kryeministrin Edi Rama? PD, a \u00ebsht\u00eb e gatshme, p\u00ebr sa koh\u00eb kryeministri ka deklaruar se duhet nj\u00eb reform\u00eb e re territoriale. Berisha:\u00a0PD nuk njeh legjitimitetin e Edi Ram\u00ebs si kryeminist\u00ebr dhe nuk mund t\u00eb pranoj\u00eb t\u00eb ulet me t\u00eb. PD &hellip;<\/p>\n","protected":false},"author":3,"featured_media":118813,"comment_status":"closed","ping_status":"closed","sticky":false,"template":"","format":"standard","meta":{"footnotes":""},"categories":[37],"tags":[],"class_list":["post-118810","post","type-post","status-publish","format-standard","has-post-thumbnail","","category-politike"],"_links":{"self":[{"href":"https:\/\/rdnews.al\/index.php\/wp-json\/wp\/v2\/posts\/118810","targetHints":{"allow":["GET"]}}],"collection":[{"href":"https:\/\/rdnews.al\/index.php\/wp-json\/wp\/v2\/posts"}],"about":[{"href":"https:\/\/rdnews.al\/index.php\/wp-json\/wp\/v2\/types\/post"}],"author":[{"embeddable":true,"href":"https:\/\/rdnews.al\/index.php\/wp-json\/wp\/v2\/users\/3"}],"replies":[{"embeddable":true,"href":"https:\/\/rdnews.al\/index.php\/wp-json\/wp\/v2\/comments?post=118810"}],"version-history":[{"count":1,"href":"https:\/\/rdnews.al\/index.php\/wp-json\/wp\/v2\/posts\/118810\/revisions"}],"predecessor-version":[{"id":118814,"href":"https:\/\/rdnews.al\/index.php\/wp-json\/wp\/v2\/posts\/118810\/revisions\/118814"}],"wp:featuredmedia":[{"embeddable":true,"href":"https:\/\/rdnews.al\/index.php\/wp-json\/wp\/v2\/media\/118813"}],"wp:attachment":[{"href":"https:\/\/rdnews.al\/index.php\/wp-json\/wp\/v2\/media?parent=118810"}],"wp:term":[{"taxonomy":"category","embeddable":true,"href":"https:\/\/rdnews.al\/index.php\/wp-json\/wp\/v2\/categories?post=118810"},{"taxonomy":"post_tag","embeddable":true,"href":"https:\/\/rdnews.al\/index.php\/wp-json\/wp\/v2\/tags?post=118810"}],"curies":[{"name":"wp","href":"https:\/\/api.w.org\/{rel}","templated":true}]}}