{"id":118811,"date":"2025-07-11T13:08:55","date_gmt":"2025-07-11T13:08:55","guid":{"rendered":"https:\/\/rdnews.al\/?p=118811"},"modified":"2025-07-11T13:12:15","modified_gmt":"2025-07-11T13:12:15","slug":"reagon-shoqata-e-te-zgjedhurve-vendore-administrata-vendore-nuk-eshte-dhe-nuk-duhet-te-jete-zgjatim-i-qeverise","status":"publish","type":"post","link":"https:\/\/rdnews.al\/index.php\/2025\/07\/11\/reagon-shoqata-e-te-zgjedhurve-vendore-administrata-vendore-nuk-eshte-dhe-nuk-duhet-te-jete-zgjatim-i-qeverise\/","title":{"rendered":"Shoqata e t\u00eb Zgjedhurve Vendor\u00eb kund\u00ebr uzurpimit t\u00eb pushtetit vendor nga Rama"},"content":{"rendered":"<p><strong>Q\u00ebndrim i Shoqat\u00ebs s\u00eb t\u00eb Zgjedhurve Vendor\u00eb<\/strong><\/p>\n<p>Shoqata e t\u00eb Zgjedhurve Vendor\u00eb shpreh shqet\u00ebsimin e saj p\u00ebr deklaratat publike t\u00eb b\u00ebra s\u00eb fundmi nga kryeministri Edi Rama, q\u00eb u b\u00ebjn\u00eb thirrje kryetar\u00ebve t\u00eb bashkive t\u00eb nd\u00ebrmarrin shkarkime masive n\u00eb administrat\u00ebn vendore, jasht\u00eb \u00e7do kuadri ligjor.<\/p>\n<p>I b\u00ebjm\u00eb thirrje t\u00eb gjitha bashkive, ve\u00e7an\u00ebrisht atyre t\u00eb drejtuara nga opozita, t\u00eb q\u00ebndrojn\u00eb n\u00eb p\u00ebrputhje t\u00eb plot\u00eb me Kushtetut\u00ebn dhe Ligjin nr. 139\/2015 \u201cP\u00ebr vet\u00ebqeverisjen vendore\u201d, duke mos lejuar q\u00eb presionet politike apo direktivat e pavend t\u00eb diktojn\u00eb vendimmarrjen administrative.<\/p>\n<p>Administrata vendore \u00ebsht\u00eb nj\u00eb struktur\u00eb profesionale dhe funksionale e nd\u00ebrtuar mbi parimin e autonomis\u00eb vendore, e cila nuk \u00ebsht\u00eb dhe nuk duhet t\u00eb jet\u00eb zgjatim i qeveris\u00eb qendrore apo i mazhoranc\u00ebs politike.<\/p>\n<p>\u00c7do vendim mbi strukturat dhe funksionet e nj\u00ebsive administrative apo drejtuesve t\u00eb tyre duhet t\u00eb bazohet n\u00eb kritere objektive:<\/p>\n<p>-vler\u00ebsim t\u00eb performanc\u00ebs,<\/p>\n<p>-nevoja t\u00eb sh\u00ebrbimit publik,<\/p>\n<p>-dhe interesin e qytetar\u00ebve.<\/p>\n<p>Shoqata u b\u00ebn thirrje t\u00eb zgjedhurve vendor\u00eb t\u00eb mbrojn\u00eb integritetin e institucioneve q\u00eb p\u00ebrfaq\u00ebsojn\u00eb dhe t\u00eb mos lejojn\u00eb asnj\u00eb nd\u00ebrhyrje q\u00eb c\u00ebnon rendin kushtetues, vet\u00ebqeverisjen lokale dhe besimin e qytetar\u00ebve n\u00eb demokracin\u00eb vendore.<\/p>\n<p><strong>Komiteti Drejtues i Shoqates<\/strong><\/p>\n","protected":false},"excerpt":{"rendered":"<p>Q\u00ebndrim i Shoqat\u00ebs s\u00eb t\u00eb Zgjedhurve Vendor\u00eb Shoqata e t\u00eb Zgjedhurve Vendor\u00eb shpreh shqet\u00ebsimin e saj p\u00ebr deklaratat publike t\u00eb b\u00ebra s\u00eb fundmi nga kryeministri Edi Rama, q\u00eb u b\u00ebjn\u00eb thirrje kryetar\u00ebve t\u00eb bashkive t\u00eb nd\u00ebrmarrin shkarkime masive n\u00eb administrat\u00ebn vendore, jasht\u00eb \u00e7do kuadri ligjor. I b\u00ebjm\u00eb thirrje t\u00eb gjitha bashkive, ve\u00e7an\u00ebrisht atyre t\u00eb drejtuara &hellip;<\/p>\n","protected":false},"author":4,"featured_media":118168,"comment_status":"closed","ping_status":"closed","sticky":false,"template":"","format":"standard","meta":{"footnotes":""},"categories":[37],"tags":[],"class_list":["post-118811","post","type-post","status-publish","format-standard","has-post-thumbnail","","category-politike"],"_links":{"self":[{"href":"https:\/\/rdnews.al\/index.php\/wp-json\/wp\/v2\/posts\/118811","targetHints":{"allow":["GET"]}}],"collection":[{"href":"https:\/\/rdnews.al\/index.php\/wp-json\/wp\/v2\/posts"}],"about":[{"href":"https:\/\/rdnews.al\/index.php\/wp-json\/wp\/v2\/types\/post"}],"author":[{"embeddable":true,"href":"https:\/\/rdnews.al\/index.php\/wp-json\/wp\/v2\/users\/4"}],"replies":[{"embeddable":true,"href":"https:\/\/rdnews.al\/index.php\/wp-json\/wp\/v2\/comments?post=118811"}],"version-history":[{"count":3,"href":"https:\/\/rdnews.al\/index.php\/wp-json\/wp\/v2\/posts\/118811\/revisions"}],"predecessor-version":[{"id":118816,"href":"https:\/\/rdnews.al\/index.php\/wp-json\/wp\/v2\/posts\/118811\/revisions\/118816"}],"wp:featuredmedia":[{"embeddable":true,"href":"https:\/\/rdnews.al\/index.php\/wp-json\/wp\/v2\/media\/118168"}],"wp:attachment":[{"href":"https:\/\/rdnews.al\/index.php\/wp-json\/wp\/v2\/media?parent=118811"}],"wp:term":[{"taxonomy":"category","embeddable":true,"href":"https:\/\/rdnews.al\/index.php\/wp-json\/wp\/v2\/categories?post=118811"},{"taxonomy":"post_tag","embeddable":true,"href":"https:\/\/rdnews.al\/index.php\/wp-json\/wp\/v2\/tags?post=118811"}],"curies":[{"name":"wp","href":"https:\/\/api.w.org\/{rel}","templated":true}]}}