{"id":118817,"date":"2025-07-11T14:02:09","date_gmt":"2025-07-11T14:02:09","guid":{"rendered":"https:\/\/rdnews.al\/?p=118817"},"modified":"2025-07-11T14:02:09","modified_gmt":"2025-07-11T14:02:09","slug":"plas-ne-theth-banoret-godasin-me-molotov-fadromat-e-rames","status":"publish","type":"post","link":"https:\/\/rdnews.al\/index.php\/2025\/07\/11\/plas-ne-theth-banoret-godasin-me-molotov-fadromat-e-rames\/","title":{"rendered":"Plas n\u00eb Theth\/Banor\u00ebt godasin me molotov fadromat e Ram\u00ebs"},"content":{"rendered":"<div class=\"chapo\">Nj\u00eb incident i r\u00ebnd\u00eb \u00ebsht\u00eb regjistruar n\u00eb Theth, n\u00eb kuad\u00ebr t\u00eb aksionit p\u00ebr prishjen e nd\u00ebrtimeve pa leje.<\/div>\n<p>Persona ende t\u00eb paidentifikuar kan\u00eb sulmuar me molotov fadromat e Inspektoratit Komb\u00ebtar t\u00eb Mbrojtjes s\u00eb Territorit, si dhe ur\u00ebn n\u00eb lagjen \u201cGjelaj\u201d.<\/p>\n<p>Si pasoj\u00eb e sulmit jan\u00eb shkaktuar d\u00ebme t\u00eb konsiderueshme materiale, nd\u00ebrsa fatmir\u00ebsisht nuk raportohet p\u00ebr t\u00eb l\u00ebnduar.<\/p>\n<p>Policia \u00ebsht\u00eb v\u00ebn\u00eb menj\u00ebher\u00eb n\u00eb ndjekje t\u00eb autor\u00ebve dhe po punon p\u00ebr identifikimin dhe kapjen e tyre. Hetimet vijojn\u00eb p\u00ebr t\u00eb zbardhur rrethanat dhe motivet e ngjarjes.<\/p>\n<p>Prej dit\u00ebsh, banor\u00ebt n\u00eb Theth jan\u00eb n\u00eb p\u00ebrpjekje p\u00ebr t\u00eb penguar nj\u00eb aksion ligjor p\u00ebr rikthimin e kontrollit mbi nd\u00ebrtimet n\u00eb zonat e mbrojtura.<\/p>\n<p>Q\u00eb m\u00eb 7 korrik, IKMT-ja ka nisur nj\u00eb operacion p\u00ebr t\u00eb prishur rreth 11 objekte pa leje n\u00eb qend\u00ebr t\u00eb Thethit, mb\u00ebshtetur nga dhjet\u00ebra forca policore.<\/p>\n","protected":false},"excerpt":{"rendered":"<p>Nj\u00eb incident i r\u00ebnd\u00eb \u00ebsht\u00eb regjistruar n\u00eb Theth, n\u00eb kuad\u00ebr t\u00eb aksionit p\u00ebr prishjen e nd\u00ebrtimeve pa leje. Persona ende t\u00eb paidentifikuar kan\u00eb sulmuar me molotov fadromat e Inspektoratit Komb\u00ebtar t\u00eb Mbrojtjes s\u00eb Territorit, si dhe ur\u00ebn n\u00eb lagjen \u201cGjelaj\u201d. Si pasoj\u00eb e sulmit jan\u00eb shkaktuar d\u00ebme t\u00eb konsiderueshme materiale, nd\u00ebrsa fatmir\u00ebsisht nuk raportohet p\u00ebr &hellip;<\/p>\n","protected":false},"author":3,"featured_media":118818,"comment_status":"closed","ping_status":"closed","sticky":false,"template":"","format":"standard","meta":{"footnotes":""},"categories":[37],"tags":[],"class_list":["post-118817","post","type-post","status-publish","format-standard","has-post-thumbnail","","category-politike"],"_links":{"self":[{"href":"https:\/\/rdnews.al\/index.php\/wp-json\/wp\/v2\/posts\/118817","targetHints":{"allow":["GET"]}}],"collection":[{"href":"https:\/\/rdnews.al\/index.php\/wp-json\/wp\/v2\/posts"}],"about":[{"href":"https:\/\/rdnews.al\/index.php\/wp-json\/wp\/v2\/types\/post"}],"author":[{"embeddable":true,"href":"https:\/\/rdnews.al\/index.php\/wp-json\/wp\/v2\/users\/3"}],"replies":[{"embeddable":true,"href":"https:\/\/rdnews.al\/index.php\/wp-json\/wp\/v2\/comments?post=118817"}],"version-history":[{"count":1,"href":"https:\/\/rdnews.al\/index.php\/wp-json\/wp\/v2\/posts\/118817\/revisions"}],"predecessor-version":[{"id":118819,"href":"https:\/\/rdnews.al\/index.php\/wp-json\/wp\/v2\/posts\/118817\/revisions\/118819"}],"wp:featuredmedia":[{"embeddable":true,"href":"https:\/\/rdnews.al\/index.php\/wp-json\/wp\/v2\/media\/118818"}],"wp:attachment":[{"href":"https:\/\/rdnews.al\/index.php\/wp-json\/wp\/v2\/media?parent=118817"}],"wp:term":[{"taxonomy":"category","embeddable":true,"href":"https:\/\/rdnews.al\/index.php\/wp-json\/wp\/v2\/categories?post=118817"},{"taxonomy":"post_tag","embeddable":true,"href":"https:\/\/rdnews.al\/index.php\/wp-json\/wp\/v2\/tags?post=118817"}],"curies":[{"name":"wp","href":"https:\/\/api.w.org\/{rel}","templated":true}]}}