{"id":118822,"date":"2025-07-11T17:31:42","date_gmt":"2025-07-11T17:31:42","guid":{"rendered":"https:\/\/rdnews.al\/?p=118822"},"modified":"2025-07-11T17:31:42","modified_gmt":"2025-07-11T17:31:42","slug":"shtet-bandash-shefi-i-shembjeve-ne-ikmt-kercenon-dhe-shan-banoret-e-thethit-dil-o-te-q-ropt","status":"publish","type":"post","link":"https:\/\/rdnews.al\/index.php\/2025\/07\/11\/shtet-bandash-shefi-i-shembjeve-ne-ikmt-kercenon-dhe-shan-banoret-e-thethit-dil-o-te-q-ropt\/","title":{"rendered":"Shtet bandash\/ Shefi i shembjeve n\u00eb IKMT k\u00ebrc\u00ebnon dhe shan banor\u00ebt e Thethit: Dil o t\u00eb q*** ropt!"},"content":{"rendered":"<p>Tensionohet situata n\u00eb zon\u00ebn e Thethit ku Inspektorati Komb\u00ebtar i Mbrojtjes s\u00eb Territorit (IKMT), pas urdhrit t\u00eb kryeministrit Edi Rama, po vijon aksionin p\u00ebr shembjen e nd\u00ebrtimeve pa leje.<\/p>\n<p>Por dit\u00ebn e sotme \u00ebsht\u00eb sh\u00ebnuar nj\u00eb incident i r\u00ebnd\u00eb ku disa persona t\u00eb paidentifikuar kan\u00eb q\u00eblluar me molotov fadromat e IKMT\u2011s\u00eb.<\/p>\n<p>Kreu i IKMT-s\u00eb, Fatmir Metaj\u00a0 shihet mbi nj\u00eb fadrom\u00eb, teksa th\u00ebrret n\u00eb drejtim t\u00eb personit q\u00eb ka hedhur molotovin: \u201c<strong><em>Ku je o trim\u201d,\u00a0<\/em><\/strong>madje m\u00eb pas vijon duke ofenduar banor\u00ebt e Thethit me fjalor prej rruga\u00e7i:\u00a0<em>\u201cDil o t\u00eb q*** ropt<\/em>\u201c.<\/p>\n<div id=\"filesfm_embed_container__ne659xg9ex__wjmz47mts9773ywx\" class=\"filesfm__embed_player__container\"><img decoding=\"async\" id=\"filesfm_embed_container__ne659xg9ex__wjmz47mts9773ywx_poster\" src=\"https:\/\/files.fm\/thumb_video_picture.php?i=ne659xg9ex\" \/><\/div>\n<div class=\"entry-content px-2 px-sm-3\">\n<p>Menj\u00ebher\u00eb pas k\u00ebtij incidenti, drejt Thethit jan\u00eb nisur me urgjenc\u00eb tre furgon\u00eb me efektiv\u00eb t\u00eb Repartit t\u00eb Forcave t\u00eb Nd\u00ebrhyrjes s\u00eb Shpejt\u00eb.<\/p>\n<\/div>\n<p>Grupi hetimor vijon veprimet p\u00ebr identifikimin dhe kapjen e personit q\u00eb hodhi n\u00eb rrug\u00eb l\u00ebnd\u00ebn djeg\u00ebse, nd\u00ebrsa Sh\u00ebrbimet e Policis\u00eb Shkod\u00ebr dhe ato t\u00eb Forc\u00ebs Komb\u00ebtare t\u00eb Siguris\u00eb ndodhen n\u00eb zon\u00eb, n\u00eb mb\u00ebshtetje t\u00eb strukturave t\u00eb IKMT Tiran\u00eb dhe IMT t\u00eb Bashkis\u00eb Shkod\u00ebr.<\/p>\n<ul>\n<li><strong>Kush \u00ebsht\u00eb Fatmir Metaj?<\/strong><\/li>\n<\/ul>\n<p>Operacioni i trupave t\u00eb Inspektoriatit Komb\u00ebtar t\u00eb Mbrojtjes s\u00eb Territorit n\u00eb zon\u00ebn e Thehtit drejtohet nga Fatmir Metaj, nj\u00eb zyrtar i lart\u00eb i shtetit i cili ka disa \u201cprecedent\u00eb\u201d me drejt\u00ebsin\u00eb p\u00ebr shkak t\u00eb prishjeve t\u00eb nd\u00ebrtimeve pa leje, m\u00eb her\u00ebt, n\u00eb Tiran\u00eb dhe zona t\u00eb tjera t\u00eb vendit.<\/p>\n<p>Karrier\u00ebn ai e ka nisur si shef i Komisariatit t\u00eb Tropoj\u00ebs, n\u00eb vitin 1998, dhe makina e tij \u00ebsht\u00eb p\u00ebrdorur nga autor\u00ebt e vrasjes s\u00eb Azem Hajdarit.<\/p>\n<p>Referuar nj\u00eb vendimi t\u00eb firmosur nga gjyqtari Sokol Pasho, q\u00eb mban dat\u00ebn 14 dhjetor 2018, Metaj inspektor n\u00eb Inspektoratit Komb\u00ebtar t\u00eb Mbrojtjes s\u00eb Territorit, u d\u00ebnua me 1 vit burgim si dhe iu hoq e drejta p\u00ebr t\u00eb ushtruar funksione publike p\u00ebr 3 vite.<\/p>\n<p>Fatmir Metaj u d\u00ebnua p\u00ebr prishjen e 4 objekteve, nj\u00eb prej tyre me leje nd\u00ebrtimi dhe tre objekte n\u00eb proces legalizimi n\u00eb Tiran\u00eb dhe Vaqarr. Objektet e prishura n\u00eb kund\u00ebrshtim me ligjin jan\u00eb realizuar p\u00ebrgjat\u00eb viteve 2013-2014 dhe kan\u00eb qen\u00eb t\u00eb nd\u00ebrtuara n\u00eb rrug\u00ebn \u201cMihal Grameno\u201d dhe p\u00ebrgjat\u00eb rrug\u00ebs s\u00eb Vaqarrit.<\/p>\n","protected":false},"excerpt":{"rendered":"<p>Tensionohet situata n\u00eb zon\u00ebn e Thethit ku Inspektorati Komb\u00ebtar i Mbrojtjes s\u00eb Territorit (IKMT), pas urdhrit t\u00eb kryeministrit Edi Rama, po vijon aksionin p\u00ebr shembjen e nd\u00ebrtimeve pa leje. Por dit\u00ebn e sotme \u00ebsht\u00eb sh\u00ebnuar nj\u00eb incident i r\u00ebnd\u00eb ku disa persona t\u00eb paidentifikuar kan\u00eb q\u00eblluar me molotov fadromat e IKMT\u2011s\u00eb. Kreu i IKMT-s\u00eb, Fatmir &hellip;<\/p>\n","protected":false},"author":4,"featured_media":118823,"comment_status":"closed","ping_status":"closed","sticky":false,"template":"","format":"standard","meta":{"footnotes":""},"categories":[37],"tags":[],"class_list":["post-118822","post","type-post","status-publish","format-standard","has-post-thumbnail","","category-politike"],"_links":{"self":[{"href":"https:\/\/rdnews.al\/index.php\/wp-json\/wp\/v2\/posts\/118822","targetHints":{"allow":["GET"]}}],"collection":[{"href":"https:\/\/rdnews.al\/index.php\/wp-json\/wp\/v2\/posts"}],"about":[{"href":"https:\/\/rdnews.al\/index.php\/wp-json\/wp\/v2\/types\/post"}],"author":[{"embeddable":true,"href":"https:\/\/rdnews.al\/index.php\/wp-json\/wp\/v2\/users\/4"}],"replies":[{"embeddable":true,"href":"https:\/\/rdnews.al\/index.php\/wp-json\/wp\/v2\/comments?post=118822"}],"version-history":[{"count":1,"href":"https:\/\/rdnews.al\/index.php\/wp-json\/wp\/v2\/posts\/118822\/revisions"}],"predecessor-version":[{"id":118824,"href":"https:\/\/rdnews.al\/index.php\/wp-json\/wp\/v2\/posts\/118822\/revisions\/118824"}],"wp:featuredmedia":[{"embeddable":true,"href":"https:\/\/rdnews.al\/index.php\/wp-json\/wp\/v2\/media\/118823"}],"wp:attachment":[{"href":"https:\/\/rdnews.al\/index.php\/wp-json\/wp\/v2\/media?parent=118822"}],"wp:term":[{"taxonomy":"category","embeddable":true,"href":"https:\/\/rdnews.al\/index.php\/wp-json\/wp\/v2\/categories?post=118822"},{"taxonomy":"post_tag","embeddable":true,"href":"https:\/\/rdnews.al\/index.php\/wp-json\/wp\/v2\/tags?post=118822"}],"curies":[{"name":"wp","href":"https:\/\/api.w.org\/{rel}","templated":true}]}}