{"id":118832,"date":"2025-07-11T18:12:14","date_gmt":"2025-07-11T18:12:14","guid":{"rendered":"https:\/\/rdnews.al\/?p=118832"},"modified":"2025-07-11T18:12:14","modified_gmt":"2025-07-11T18:12:14","slug":"edi-rama-si-pronari-i-idioteve","status":"publish","type":"post","link":"https:\/\/rdnews.al\/index.php\/2025\/07\/11\/edi-rama-si-pronari-i-idioteve\/","title":{"rendered":"Edi Rama si pronari i idiot\u00ebve"},"content":{"rendered":"<p><strong>Nga\u00a0Tomorr ALIZOTI<\/strong><\/p>\n<p>E gjith\u00eb fuqia e tij vjen nga vjedhja e zgjedhjeve. Shum\u00eb analist\u00eb politik\u00eb p\u00ebrpiqen n\u00eb biseda studiosh dhe tavolinash t\u00eb gjejn\u00eb arsyen e sjelljes s\u00eb paarsyeshme t\u00eb kryeministrit. Por \u00e7do teori e tyre, edhe ajo m\u00eb konspirative, p\u00ebrplaset me murin e logjik\u00ebs: \u00e7far\u00eb fiton vendi apo edhe vet\u00eb kreu i band\u00ebs nga k\u00ebto veprime dhe ligj\u00ebrime?<\/p>\n<p>N\u00eb fakt, politikisht Edi Rama po sillet si nj\u00eb \u201cidiot\u201d. Ekziston nj\u00eb lib\u00ebr shum\u00eb i bukur, \u201cI rrethuar nga idiot\u00eb\u201d, q\u00eb shpjegon p\u00ebr mrekulli psikologjin\u00eb e Ram\u00ebs. Nd\u00ebr t\u00eb tjera, autori rr\u00ebfen p\u00ebr nj\u00eb takim me pronarin e nj\u00eb kompanie. Ky, nj\u00eb biznesmen i madh, i ankohet shkrimtarit p\u00ebr vart\u00ebsit e vet, duke i quajtur t\u00eb gjith\u00eb idiot\u00eb. Dhe autori, pasi e d\u00ebgjon p\u00ebr disa minuta, e pyet: \u201cK\u00ebta idiot\u00ebt, kush i ka marr\u00eb n\u00eb pun\u00eb?\u201d Q\u00eb nga ajo pyetje, pronari i madh i biznesit dhe shkrimtari nuk ishin m\u00eb miq.<\/p>\n<p>Vet\u00ebm kjo pyetje do t\u00eb mjaftonte p\u00ebr t\u00eb shpjeguar t\u00eb gjith\u00eb ligj\u00ebrat\u00ebn dhe \u201cidiot\u00ebsin\u00eb politike\u201d q\u00eb po prodhon Edi Rama k\u00ebto dit\u00eb t\u00eb nxehta vere. Ngjashm\u00ebria q\u00eb ka Edi Rama me at\u00eb pronarin e biznesit q\u00eb p\u00ebrmend autori \u00ebsht\u00eb pik\u00ebrisht pushteti q\u00eb ai ushtron mbi vart\u00ebsit. N\u00eb kushte normale, ku ligji dhe normat e administrimit t\u00eb vendit burojn\u00eb nga zbatimi i Kushtetut\u00ebs, Edi Rama nuk do t\u00eb guxonte kurr\u00eb t\u00eb sillej si pronar i pushtetit gjyq\u00ebsor kur urdh\u00ebron procedimin e prokuror\u00ebve, apo si skllavopronar ndaj kryebashkiak\u00ebve t\u00eb vet.<\/p>\n<p>T\u00eb gjith\u00eb pushtetin, t\u00eb krahasuesh\u00ebm me at\u00eb t\u00eb nj\u00eb pronari kompanie q\u00eb merr n\u00eb pun\u00eb dhe heq nga puna k\u00eb t\u00eb doj\u00eb, ai e ka fituar p\u00ebrmes vjedhjes s\u00eb zgjedhjeve. Duket si nj\u00eb sforcim i madh, apo si nj\u00eb justifikim i pamund\u00ebsis\u00eb p\u00ebr ta konkurruar ndershm\u00ebrisht. Por n\u00eb t\u00eb v\u00ebrtet\u00eb, vjedhja e zgjedhjeve \u00ebsht\u00eb katalizatori i \u201cidiot\u00ebsis\u00eb politike\u201d t\u00eb Ram\u00ebs. Pushteti i vjedhur me dhun\u00eb ekstreme t\u00eb \u00e7on n\u00eb nj\u00eb qeverisje t\u00eb pap\u00ebrgjegjshme \u2013 deri aty sa, n\u00eb mes t\u00eb sezonit turistik, krijohen konflikte t\u00eb armatosura n\u00eb syt\u00eb e turist\u00ebve t\u00eb huaj; deri aty sa verbohesh nga kullat n\u00eb qend\u00ebr t\u00eb Tiran\u00ebs dhe sheh vet\u00ebm kasollet n\u00ebp\u00ebr male; deri aty sa tallesh, k\u00ebrc\u00ebnon dhe p\u00ebrbuz emra dhe individ\u00eb q\u00eb vet\u00eb i ke em\u00ebruar n\u00eb krye t\u00eb bashkive apo institucioneve t\u00eb tjera.<\/p>\n<p>Vjedhja e zgjedhjeve dhe pushteti absolut sjellin vet\u00ebm dhun\u00eb. Sjellin munges\u00eb bashk\u00ebjetese. Prandaj Rama sot sillet si ai pronari i \u201cidiot\u00ebve\u201d.<\/p>\n<p>Pyetja, n\u00eb kushte t\u00eb tilla, \u00ebsht\u00eb: \u00c7far\u00eb do t\u00eb b\u00ebj\u00eb opozita? \u00cbsht\u00eb pak qesharake t\u2019i k\u00ebrkosh opozit\u00ebs t\u00eb mbroj\u00eb kryetar\u00ebt e bashkive t\u00eb em\u00ebruar nga Rama, t\u00eb cil\u00ebt jo vet\u00ebm q\u00eb u \u201czgjodh\u00ebn\u201d n\u00eb kushte t\u00eb frikshme politike, por ishin vet\u00eb n\u00eb krye t\u00eb operacionit t\u00eb partis\u00eb p\u00ebr t\u00eb vjedhur zgjedhjet dhe rizgjedhur Ram\u00ebn kryetar.<\/p>\n<p>N\u00eb k\u00ebto kushte, \u201ckarma\u201d \u00ebsht\u00eb p\u00ebrgjigjja m\u00eb e mir\u00eb p\u00ebr ta.<\/p>\n<p>N\u00eb qeverin\u00eb e Ram\u00ebs ka pasardh\u00ebs biologjik\u00eb t\u00eb atyre q\u00eb dikur kaluan nga vilat e Bllokut n\u00eb kasollet e internimit. Asnj\u00eb keqardhje p\u00ebr ta. Problemi i v\u00ebrtet\u00eb \u00ebsht\u00eb se veprimet e \u201cpronarit t\u00eb idiot\u00ebve\u201d po e \u00e7ojn\u00eb vendin drejt autokracis\u00eb. Dhe nuk ka asnj\u00eb shembull n\u00eb bot\u00eb \u2013 sado q\u00eb p\u00ebrpiqen t\u00eb justifikohen nga t\u00eb sponsorizuarit e Kin\u00ebs apo Rusis\u00eb \u2013 q\u00eb qeverisja autokratike t\u00eb sjell\u00eb zhvillim.<\/p>\n<p>Kjo \u00ebsht\u00eb detyra primare e opozit\u00ebs: t\u00eb denoncoj\u00eb vjedhjen e zgjedhjeve, sepse ato sjellin gjithmon\u00eb nj\u00eb qeverisje t\u00eb pap\u00ebrgjegjshme.<\/p>\n","protected":false},"excerpt":{"rendered":"<p>Nga\u00a0Tomorr ALIZOTI E gjith\u00eb fuqia e tij vjen nga vjedhja e zgjedhjeve. Shum\u00eb analist\u00eb politik\u00eb p\u00ebrpiqen n\u00eb biseda studiosh dhe tavolinash t\u00eb gjejn\u00eb arsyen e sjelljes s\u00eb paarsyeshme t\u00eb kryeministrit. Por \u00e7do teori e tyre, edhe ajo m\u00eb konspirative, p\u00ebrplaset me murin e logjik\u00ebs: \u00e7far\u00eb fiton vendi apo edhe vet\u00eb kreu i band\u00ebs nga k\u00ebto &hellip;<\/p>\n","protected":false},"author":4,"featured_media":96951,"comment_status":"closed","ping_status":"closed","sticky":false,"template":"","format":"standard","meta":{"footnotes":""},"categories":[44],"tags":[],"class_list":["post-118832","post","type-post","status-publish","format-standard","has-post-thumbnail","","category-editorial"],"_links":{"self":[{"href":"https:\/\/rdnews.al\/index.php\/wp-json\/wp\/v2\/posts\/118832","targetHints":{"allow":["GET"]}}],"collection":[{"href":"https:\/\/rdnews.al\/index.php\/wp-json\/wp\/v2\/posts"}],"about":[{"href":"https:\/\/rdnews.al\/index.php\/wp-json\/wp\/v2\/types\/post"}],"author":[{"embeddable":true,"href":"https:\/\/rdnews.al\/index.php\/wp-json\/wp\/v2\/users\/4"}],"replies":[{"embeddable":true,"href":"https:\/\/rdnews.al\/index.php\/wp-json\/wp\/v2\/comments?post=118832"}],"version-history":[{"count":1,"href":"https:\/\/rdnews.al\/index.php\/wp-json\/wp\/v2\/posts\/118832\/revisions"}],"predecessor-version":[{"id":118833,"href":"https:\/\/rdnews.al\/index.php\/wp-json\/wp\/v2\/posts\/118832\/revisions\/118833"}],"wp:featuredmedia":[{"embeddable":true,"href":"https:\/\/rdnews.al\/index.php\/wp-json\/wp\/v2\/media\/96951"}],"wp:attachment":[{"href":"https:\/\/rdnews.al\/index.php\/wp-json\/wp\/v2\/media?parent=118832"}],"wp:term":[{"taxonomy":"category","embeddable":true,"href":"https:\/\/rdnews.al\/index.php\/wp-json\/wp\/v2\/categories?post=118832"},{"taxonomy":"post_tag","embeddable":true,"href":"https:\/\/rdnews.al\/index.php\/wp-json\/wp\/v2\/tags?post=118832"}],"curies":[{"name":"wp","href":"https:\/\/api.w.org\/{rel}","templated":true}]}}