{"id":118834,"date":"2025-07-11T19:27:11","date_gmt":"2025-07-11T19:27:11","guid":{"rendered":"https:\/\/rdnews.al\/?p=118834"},"modified":"2025-07-11T19:29:40","modified_gmt":"2025-07-11T19:29:40","slug":"ambasadori-hero-daum-si-hapa-portat-e-ambasades-gjermane-per-shqiptaret-me-2-korrik-90","status":"publish","type":"post","link":"https:\/\/rdnews.al\/index.php\/2025\/07\/11\/ambasadori-hero-daum-si-hapa-portat-e-ambasades-gjermane-per-shqiptaret-me-2-korrik-90\/","title":{"rendered":"Ambasadori hero, Daum: Si hapa portat e Ambasad\u00ebs gjermane p\u00ebr shqiptar\u00ebt me 2 korrik &#8217;90"},"content":{"rendered":"<p><strong>Werner Daum, ish-Ambasador i Republik\u00ebs Federale t\u00eb Gjermanis\u00eb n\u00eb Tiran\u00eb rr\u00ebfen se si hapi portat e Ambasad\u00ebs p\u00ebr mij\u00ebra shqiptare n\u00eb 2 korrik 1990.<\/strong><\/p>\n<p>Pse ndihmova n\u00ebne kur gati 3 mij\u00eb shqiptar\u00eb hyn\u00eb n\u00eb ambasad\u00ebn time, pse i lash\u00eb portat e hapura?<\/p>\n<p>Kisha parandjer\u00eb prej koh\u00ebsh, prej gati nj\u00eb viti, nga mesi i vitit 1989, se gjendja e Shqip\u00ebris\u00eb dhe gjendja e shqiptar\u00ebve po ndryshonte.<\/p>\n<p>Tashm\u00eb shqiptar\u00ebt nuk po ndjeheshin m\u00eb t\u00eb frik\u00ebsuar prej shtypjes dhe prej makineris\u00eb shtyp\u00ebse s\u00eb qeveris\u00eb, por ishte nj\u00eb popull i gatsh\u00ebm t\u00eb rrezikonte, madje edhe t\u00eb binte fli p\u00ebr lirin\u00eb dhe p\u00ebr kushte ekonomike t\u00eb ndryshme dhe m\u00eb t\u00eb mira dhe p\u00ebr mund\u00ebsi m\u00eb t\u00eb mira.<\/p>\n<p>T\u00eb gjith\u00eb shqiptar\u00ebt e donin lirin\u00eb n\u00eb \u00e7do kuptim, donin t\u00eb kishin mund\u00ebsin\u00eb t\u00eb flisnin lirsh\u00ebm, t\u00eb shk\u00ebmbenin mendimin e tyre me t\u00eb tjer\u00ebt si brenda vendit ashtu edhe me persona t\u00eb tjer\u00eb, sidomos me t\u00eb rinj jasht\u00eb vendit dhe un\u00eb e kisha ndjer\u00eb k\u00ebt\u00eb.<\/p>\n<p>Shk\u00ebndija q\u00eb i dha forc\u00eb revolucionit ishte demonstrata n\u00eb Kavaj\u00eb, dhe n\u00eb Kavaj\u00eb nuk shpresonin p\u00ebr t\u00eb sulmuar ambasadat p\u00ebr t\u00eb dal\u00eb nga vendi, por donin lirin\u00eb, dhe un\u00eb e ndjeva k\u00ebt\u00eb.<\/p>\n<p>Ambasadat e para ku sidomos t\u00eb rinjt\u00eb shqiptar\u00eb u drejtuan ishin ambasadat greke, franceze dhe ajo italiane, kishte disa dhjet\u00ebra dhe askush nuk tentoi t\u00eb k\u00ebrkonte streh\u00eb tek ambasada gjermane.<\/p>\n<p>Thash\u00eb me vete si ka mund\u00ebsi, un\u00eb duhet t\u00eb b\u00ebj di\u00e7ka, duhet t\u2019u tregoj njer\u00ebzve se jan\u00eb t\u00eb mir\u00ebpritur, nuk isha i gatsh\u00ebm t\u00eb dilja dhe t\u2019u thoja ejani dhe t\u2019i ftoja, por doja t\u2019ua b\u00ebja t\u00eb qart\u00eb n\u00ebp\u00ebrmjet disa formave se njer\u00ebzit ishin t\u00eb mir\u00ebpritur n\u00eb ambasad\u00ebn gjermane dhe se ne do t\u00eb b\u00ebnim \u00e7\u2019t\u00eb mundnim p\u00ebr t\u2019i ndihmuar.<\/p>\n<p>At\u00eb dit\u00eb q\u00eb t\u00eb gjith\u00eb evakuuam ambasad\u00ebn, un\u00eb isha i fundit q\u00eb u largova, ndez\u00ebm dritat dhe pas asaj lash\u00eb portat gati nj\u00eb met\u00ebr t\u00eb hapur n\u00eb m\u00ebnyr\u00eb q\u00eb t\u00eb gjith\u00eb ta shihnin se ky ishte nj\u00eb vend ku mund t\u00eb k\u00ebrkonin streh\u00eb.<\/p>\n<p>Un\u00eb po udh\u00ebtoja kudo n\u00eb Shqip\u00ebri, un\u00eb e doja k\u00ebt\u00eb vend, m\u00eb p\u00eblqente peizazhi, m\u00eb p\u00eblqenin malet, lumenjt\u00eb dhe ve\u00e7an\u00ebrisht m\u00eb p\u00eblqente arti dhe historia e Shqip\u00ebris\u00eb.<\/p>\n<p>Ve\u00e7an\u00ebrisht n\u00eb Shkod\u00ebr, por edhe n\u00eb vende t\u00eb tjera m\u00eb jan\u00eb afruar t\u00eb rinj t\u00eb cil\u00ebt e kishin kap\u00ebrcyer frik\u00ebn dhe shtypjen e shtetit dhe t\u00eb Sigurimit.<\/p>\n<p>M\u00eb jan\u00eb afruar k\u00ebta njer\u00ebz dhe un\u00eb nuk e fsheha mendimin tim, un\u00eb mendoja se shqiptar\u00ebt meritonin nj\u00eb jet\u00eb m\u00eb t\u00eb mir\u00eb, shqiptar\u00ebt meritonin t\u00eb jetonin n\u00eb liri.<br \/>\nK\u00ebt\u00eb e shpreha qart\u00eb, nuk b\u00ebra propagand\u00eb aktive, as nuk inkurajova nj\u00eb revolucion, sepse nuk ishte roli im, por sa her\u00eb e afrohej njeri shprehja at\u00eb q\u00eb mendoja.<\/p>\n<p>Un\u00eb jam nj\u00eb diplomat n\u00eb profesionin, dhe diplomati duhet t\u00eb veproj\u00eb sipas udh\u00ebzimeve dhe k\u00ebt\u00eb kam b\u00ebr\u00eb gjith\u00eb jet\u00ebn time diplomatike, por n\u00eb korrik t\u00eb 1990, un\u00eb veprova kund\u00ebr udh\u00ebzimeve t\u00eb qeveris\u00eb sime e cila nuk donte t\u00eb minonte nj\u00eb qeveri tjet\u00ebr, un\u00eb veprova haptas kund\u00ebr udh\u00ebzimeve sepse ndjeva q\u00eb qeveria, sistemi dhe regjimi ishte kund\u00ebr vlerave themelore t\u00eb njer\u00ebzimit dhe t\u00eb jet\u00ebs s\u00eb njeriut dhe kund\u00ebr dokumentit t\u00eb shkruar Kombeve t\u00eb Bashkuara p\u00ebr t\u00eb drejtat e njeriut.<\/p>\n<p>K\u00ebshtu q\u00eb un\u00eb vendosa t\u00eb b\u00ebj at\u00eb q\u00eb un\u00eb ndjeva se ishte e drejt\u00eb.\/Syri.net<\/p>\n","protected":false},"excerpt":{"rendered":"<p>Werner Daum, ish-Ambasador i Republik\u00ebs Federale t\u00eb Gjermanis\u00eb n\u00eb Tiran\u00eb rr\u00ebfen se si hapi portat e Ambasad\u00ebs p\u00ebr mij\u00ebra shqiptare n\u00eb 2 korrik 1990. Pse ndihmova n\u00ebne kur gati 3 mij\u00eb shqiptar\u00eb hyn\u00eb n\u00eb ambasad\u00ebn time, pse i lash\u00eb portat e hapura? Kisha parandjer\u00eb prej koh\u00ebsh, prej gati nj\u00eb viti, nga mesi i vitit 1989, &hellip;<\/p>\n","protected":false},"author":3,"featured_media":118835,"comment_status":"closed","ping_status":"closed","sticky":false,"template":"","format":"standard","meta":{"footnotes":""},"categories":[37],"tags":[],"class_list":["post-118834","post","type-post","status-publish","format-standard","has-post-thumbnail","","category-politike"],"_links":{"self":[{"href":"https:\/\/rdnews.al\/index.php\/wp-json\/wp\/v2\/posts\/118834","targetHints":{"allow":["GET"]}}],"collection":[{"href":"https:\/\/rdnews.al\/index.php\/wp-json\/wp\/v2\/posts"}],"about":[{"href":"https:\/\/rdnews.al\/index.php\/wp-json\/wp\/v2\/types\/post"}],"author":[{"embeddable":true,"href":"https:\/\/rdnews.al\/index.php\/wp-json\/wp\/v2\/users\/3"}],"replies":[{"embeddable":true,"href":"https:\/\/rdnews.al\/index.php\/wp-json\/wp\/v2\/comments?post=118834"}],"version-history":[{"count":2,"href":"https:\/\/rdnews.al\/index.php\/wp-json\/wp\/v2\/posts\/118834\/revisions"}],"predecessor-version":[{"id":118837,"href":"https:\/\/rdnews.al\/index.php\/wp-json\/wp\/v2\/posts\/118834\/revisions\/118837"}],"wp:featuredmedia":[{"embeddable":true,"href":"https:\/\/rdnews.al\/index.php\/wp-json\/wp\/v2\/media\/118835"}],"wp:attachment":[{"href":"https:\/\/rdnews.al\/index.php\/wp-json\/wp\/v2\/media?parent=118834"}],"wp:term":[{"taxonomy":"category","embeddable":true,"href":"https:\/\/rdnews.al\/index.php\/wp-json\/wp\/v2\/categories?post=118834"},{"taxonomy":"post_tag","embeddable":true,"href":"https:\/\/rdnews.al\/index.php\/wp-json\/wp\/v2\/tags?post=118834"}],"curies":[{"name":"wp","href":"https:\/\/api.w.org\/{rel}","templated":true}]}}