{"id":118842,"date":"2025-07-11T19:57:06","date_gmt":"2025-07-11T19:57:06","guid":{"rendered":"https:\/\/rdnews.al\/?p=118842"},"modified":"2025-07-11T19:57:48","modified_gmt":"2025-07-11T19:57:48","slug":"reagon-kisha-katolike-jemi-ne-krah-te-banoreve-ne-theth","status":"publish","type":"post","link":"https:\/\/rdnews.al\/index.php\/2025\/07\/11\/reagon-kisha-katolike-jemi-ne-krah-te-banoreve-ne-theth\/","title":{"rendered":"Reagon Kisha Katolike: Jemi n\u00eb krah t\u00eb banor\u00ebve n\u00eb Theth"},"content":{"rendered":"<p>Arqipeshkvia Metropolitane n\u00eb Shkod\u00ebr n\u00eb nj\u00eb reagim t\u00eb saj nisur nga tensionet gjat\u00eb dit\u00ebs s\u00eb sotme n\u00eb zon\u00ebn e Thethit mes banor\u00ebve dhe punonj\u00ebsve t\u00eb IKMT, k\u00ebrkon t\u00eb nd\u00ebrhyhet p\u00ebr zgjidhjen e k\u00ebsaj situate.<\/p>\n<p>Kisha katolike e Shkodr\u00ebs, n\u00eb nj\u00eb let\u00ebr t\u00eb b\u00ebr\u00eb publike thot\u00eb se \u00ebsht\u00eb themelore ta mbrojm\u00eb mjedisin, nj\u00eb dhurat\u00eb e \u00e7muar nga Zoti, por n\u00eb t\u00eb nj\u00ebjt\u00ebn koh\u00eb, \u00ebsht\u00eb gjithashtu e nevojshme t\u00eb mbrojm\u00eb ata q\u00eb, me pun\u00eb t\u00eb palodhur dhe me p\u00ebrkushtim, p\u00ebrpiqen t\u00eb jetojn\u00eb ndershm\u00ebrisht dhe t\u00eb nd\u00ebrtojn\u00eb nj\u00eb t\u00eb ardhme m\u00eb t\u00eb mir\u00eb p\u00ebr veten dhe f\u00ebmij\u00ebt e tyre.<\/p>\n<p>\u201cJemi n\u00eb krah t\u00eb t\u00eb gjith\u00eb njer\u00ebzve vullnetmir\u00eb, t\u00eb atyre q\u00eb punojn\u00eb me ndershm\u00ebri, sakrific\u00eb e dinjitet, shpesh n\u00eb vuajtje dhe n\u00eb heshtje. Respekti p\u00ebr ligjin dhe drejt\u00ebsin\u00eb \u00ebsht\u00eb nj\u00eb detyr\u00eb thelb\u00ebsore p\u00ebr t\u00eb gjith\u00eb:, thuhet n\u00eb reagimin e Kish\u00ebs Katolike Shkod\u00ebr.<\/p>\n<p>Arqipeshkvia Metropolitane i ka b\u00ebr\u00eb apel t\u00eb gjitha pal\u00ebve t\u00eb p\u00ebrfshira, t\u00eb ruajn\u00eb qet\u00ebsin\u00eb, t\u00eb angazhohen p\u00ebr dialog dhe t\u00eb respektojn\u00eb jet\u00ebn.<\/p>\n<p>\u201cSi Kish\u00eb Katolike jemi dhe do t\u00eb jemi gjithmon\u00eb n\u00eb an\u00ebn e paqes dhe t\u00eb arsyes. N\u00eb k\u00ebt\u00eb koh\u00eb u b\u00ebjm\u00eb thirrje t\u00eb gjith\u00ebve t\u00eb ruajn\u00eb qet\u00ebsin\u00eb, t\u00eb angazhohen p\u00ebr dialog dhe t\u00eb respektojn\u00eb jet\u00ebn.<\/p>\n<p>D\u00ebnojm\u00eb me vendosm\u00ebri t\u00eb gjitha format e dhun\u00ebs, nga cilado pal\u00eb q\u00eb t\u00eb vij\u00eb ajo. Jemi n\u00eb krah t\u00eb t\u00eb gjith\u00eb njer\u00ebzve vullnetmir\u00eb, t\u00eb atyre q\u00eb punojn\u00eb me ndershm\u00ebri, sakrific\u00eb e dinjitet, shpesh n\u00eb vuajtje dhe n\u00eb heshtje.<\/p>\n<p>Respekti p\u00ebr ligjin dhe drejt\u00ebsin\u00eb \u00ebsht\u00eb nj\u00eb detyr\u00eb thelb\u00ebsore p\u00ebr t\u00eb gjith\u00eb. Lutem me zemer q\u00eb kjo situat\u00eb t\u00eb marr\u00eb zgjidhje sa m\u00eb t\u00eb shpejt\u00eb\u201d, thuhet n\u00eb letr\u00ebn publike t\u00eb kish\u00ebs katolike Shkod\u00ebr.<\/p>\n","protected":false},"excerpt":{"rendered":"<p>Arqipeshkvia Metropolitane n\u00eb Shkod\u00ebr n\u00eb nj\u00eb reagim t\u00eb saj nisur nga tensionet gjat\u00eb dit\u00ebs s\u00eb sotme n\u00eb zon\u00ebn e Thethit mes banor\u00ebve dhe punonj\u00ebsve t\u00eb IKMT, k\u00ebrkon t\u00eb nd\u00ebrhyhet p\u00ebr zgjidhjen e k\u00ebsaj situate. Kisha katolike e Shkodr\u00ebs, n\u00eb nj\u00eb let\u00ebr t\u00eb b\u00ebr\u00eb publike thot\u00eb se \u00ebsht\u00eb themelore ta mbrojm\u00eb mjedisin, nj\u00eb dhurat\u00eb e \u00e7muar &hellip;<\/p>\n","protected":false},"author":3,"featured_media":118847,"comment_status":"closed","ping_status":"closed","sticky":false,"template":"","format":"standard","meta":{"footnotes":""},"categories":[37],"tags":[],"class_list":["post-118842","post","type-post","status-publish","format-standard","has-post-thumbnail","","category-politike"],"_links":{"self":[{"href":"https:\/\/rdnews.al\/index.php\/wp-json\/wp\/v2\/posts\/118842","targetHints":{"allow":["GET"]}}],"collection":[{"href":"https:\/\/rdnews.al\/index.php\/wp-json\/wp\/v2\/posts"}],"about":[{"href":"https:\/\/rdnews.al\/index.php\/wp-json\/wp\/v2\/types\/post"}],"author":[{"embeddable":true,"href":"https:\/\/rdnews.al\/index.php\/wp-json\/wp\/v2\/users\/3"}],"replies":[{"embeddable":true,"href":"https:\/\/rdnews.al\/index.php\/wp-json\/wp\/v2\/comments?post=118842"}],"version-history":[{"count":2,"href":"https:\/\/rdnews.al\/index.php\/wp-json\/wp\/v2\/posts\/118842\/revisions"}],"predecessor-version":[{"id":118849,"href":"https:\/\/rdnews.al\/index.php\/wp-json\/wp\/v2\/posts\/118842\/revisions\/118849"}],"wp:featuredmedia":[{"embeddable":true,"href":"https:\/\/rdnews.al\/index.php\/wp-json\/wp\/v2\/media\/118847"}],"wp:attachment":[{"href":"https:\/\/rdnews.al\/index.php\/wp-json\/wp\/v2\/media?parent=118842"}],"wp:term":[{"taxonomy":"category","embeddable":true,"href":"https:\/\/rdnews.al\/index.php\/wp-json\/wp\/v2\/categories?post=118842"},{"taxonomy":"post_tag","embeddable":true,"href":"https:\/\/rdnews.al\/index.php\/wp-json\/wp\/v2\/tags?post=118842"}],"curies":[{"name":"wp","href":"https:\/\/api.w.org\/{rel}","templated":true}]}}