{"id":118851,"date":"2025-07-11T21:05:47","date_gmt":"2025-07-11T21:05:47","guid":{"rendered":"https:\/\/rdnews.al\/?p=118851"},"modified":"2025-07-11T21:05:47","modified_gmt":"2025-07-11T21:05:47","slug":"banorja-ne-theth-rama-na-tha-kthejini-djemte-nga-emigracioni-dhe-ndertoni-mu-thafshin-duart-per-ate-vote-qe-dhashe","status":"publish","type":"post","link":"https:\/\/rdnews.al\/index.php\/2025\/07\/11\/banorja-ne-theth-rama-na-tha-kthejini-djemte-nga-emigracioni-dhe-ndertoni-mu-thafshin-duart-per-ate-vote-qe-dhashe\/","title":{"rendered":"Banorja n\u00eb Theth: Rama na tha kthejini djemt\u00eb nga emigracioni dhe nd\u00ebrtoni! M\u2019u thafshin duart p\u00ebr at\u00eb vot\u00eb q\u00eb dhash\u00eb!"},"content":{"rendered":"<p><strong>Kryetari i PD, Sali Berisha ka publikuar n\u00eb Facebook nj\u00eb video ku nj\u00eb banore nga Thethi shpreh shqet\u00ebsimet e thella p\u00ebr aksionin e qeveris\u00eb Rama q\u00eb po prish nd\u00ebrtimet n\u00eb zon\u00eb ,\u00a0nd\u00ebrtime q\u00eb vet\u00eb qeveria i kishte nxitur qytetar\u00ebt t\u00eb b\u00ebnin me premtimin se do t\u00eb legalizoheshin.<\/strong><\/p>\n<p><strong>N\u00eb video, banorja rr\u00ebfe<\/strong>n<\/p>\n<p>\u201cErdhi Edi Rama aty dhe tha, o Zef Bari, mblidhi djemt\u00eb ku i ke e ku si ke e mi sill n\u00eb Shqip\u00ebri dhe lan\u00eb t\u00eb gjith\u00eb emigracionin dhe vijn\u00eb t\u00eb investojn\u00eb n\u00eb Shqip\u00ebri k\u00ebtu n\u00eb Theth.<\/p>\n<p>Erdhi djali, m\u00eb nisi e nd\u00ebrtoi dhe kur ka ardhur policia at\u00eb dit\u00eb un\u00eb kam ngelur pa mend, i thash\u00eb po mua m\u00eb ka th\u00ebn\u00eb Edi Rama.<\/p>\n<p>M\u00eb tha ti ke nd\u00ebrtuar pa leje, i thash\u00eb kam nd\u00ebrtuar n\u00eb tok\u00ebn time dhe n\u00eb token e katragjyshit t\u00eb burrit tim, as kam nd\u00ebrtuar tek Rana e Hedhurn, as kam nd\u00ebrtuar trotuareve t\u00eb Tiran\u00ebs.<\/p>\n<p>Vet\u00eb shteti na ka th\u00ebn\u00eb nd\u00ebrtoni e jetoni, ku \u00ebsht\u00eb shpresa e t\u00eb rinjve sot, ku \u00ebsht\u00eb Edi Rama.<br \/>\nKam marr\u00eb pasaportizimin k\u00ebt\u00eb vit nga Tirana e kam sjell\u00eb n\u00eb Theth, dhe i kam dh\u00ebn\u00eb vot\u00ebn Edi Ram\u00ebs, mu thafshin 2 duart q\u00eb e kam futur at\u00eb vot\u00eb n\u00eb at\u00eb vend.<\/p>\n<p>Si m\u00eb ja dh\u00ebn\u00eb vot\u00ebn atij, shiko \u00e7far\u00eb m\u00eb b\u00ebri, edhe 3 sht\u00ebpi t\u00eb tjera m\u00eb ka prishur djalit tjet\u00ebr atje lart.<br \/>\n4 sht\u00ebpi m\u00eb kan\u00eb prishur.\u201d<\/p>\n<p>Berisha e shoq\u00ebroi videon me p\u00ebrshkrimin: \u201cFtesa e t\u00eb pabesit! D\u00ebgjojeni vet\u00eb.\u201d<\/p>\n<p><strong>Postimi i Berish\u00ebs<\/strong><\/p>\n<div class=\"readmore-text-here\">\n<p><iframe loading=\"lazy\" src=\"https:\/\/www.facebook.com\/plugins\/video.php?height=315&amp;href=https%3A%2F%2Fwww.facebook.com%2FSaliBerisha%2Fvideos%2F1402553984339385%2F&amp;show_text=false&amp;width=560&amp;t=0\" width=\"560\" height=\"315\" frameborder=\"0\" scrolling=\"no\" allowfullscreen=\"allowfullscreen\" data-mce-fragment=\"1\"><\/iframe><\/p>\n<\/div>\n<div id=\"rekl-16\"><\/div>\n<div id=\"rekl-33\"><\/div>\n","protected":false},"excerpt":{"rendered":"<p>Kryetari i PD, Sali Berisha ka publikuar n\u00eb Facebook nj\u00eb video ku nj\u00eb banore nga Thethi shpreh shqet\u00ebsimet e thella p\u00ebr aksionin e qeveris\u00eb Rama q\u00eb po prish nd\u00ebrtimet n\u00eb zon\u00eb ,\u00a0nd\u00ebrtime q\u00eb vet\u00eb qeveria i kishte nxitur qytetar\u00ebt t\u00eb b\u00ebnin me premtimin se do t\u00eb legalizoheshin. N\u00eb video, banorja rr\u00ebfen \u201cErdhi Edi Rama aty &hellip;<\/p>\n","protected":false},"author":4,"featured_media":118852,"comment_status":"closed","ping_status":"closed","sticky":false,"template":"","format":"standard","meta":{"footnotes":""},"categories":[37],"tags":[],"class_list":["post-118851","post","type-post","status-publish","format-standard","has-post-thumbnail","","category-politike"],"_links":{"self":[{"href":"https:\/\/rdnews.al\/index.php\/wp-json\/wp\/v2\/posts\/118851","targetHints":{"allow":["GET"]}}],"collection":[{"href":"https:\/\/rdnews.al\/index.php\/wp-json\/wp\/v2\/posts"}],"about":[{"href":"https:\/\/rdnews.al\/index.php\/wp-json\/wp\/v2\/types\/post"}],"author":[{"embeddable":true,"href":"https:\/\/rdnews.al\/index.php\/wp-json\/wp\/v2\/users\/4"}],"replies":[{"embeddable":true,"href":"https:\/\/rdnews.al\/index.php\/wp-json\/wp\/v2\/comments?post=118851"}],"version-history":[{"count":1,"href":"https:\/\/rdnews.al\/index.php\/wp-json\/wp\/v2\/posts\/118851\/revisions"}],"predecessor-version":[{"id":118853,"href":"https:\/\/rdnews.al\/index.php\/wp-json\/wp\/v2\/posts\/118851\/revisions\/118853"}],"wp:featuredmedia":[{"embeddable":true,"href":"https:\/\/rdnews.al\/index.php\/wp-json\/wp\/v2\/media\/118852"}],"wp:attachment":[{"href":"https:\/\/rdnews.al\/index.php\/wp-json\/wp\/v2\/media?parent=118851"}],"wp:term":[{"taxonomy":"category","embeddable":true,"href":"https:\/\/rdnews.al\/index.php\/wp-json\/wp\/v2\/categories?post=118851"},{"taxonomy":"post_tag","embeddable":true,"href":"https:\/\/rdnews.al\/index.php\/wp-json\/wp\/v2\/tags?post=118851"}],"curies":[{"name":"wp","href":"https:\/\/api.w.org\/{rel}","templated":true}]}}