{"id":118856,"date":"2025-07-12T09:19:15","date_gmt":"2025-07-12T09:19:15","guid":{"rendered":"https:\/\/rdnews.al\/?p=118856"},"modified":"2025-07-12T09:19:15","modified_gmt":"2025-07-12T09:19:15","slug":"sa-kushtoi-fluturimi-i-fundit-i-kryeministrit-drejt-hages-pse-qeveria-nuk-pulikon-shpenzimet-per-udhetimet-e-edi-rames","status":"publish","type":"post","link":"https:\/\/rdnews.al\/index.php\/2025\/07\/12\/sa-kushtoi-fluturimi-i-fundit-i-kryeministrit-drejt-hages-pse-qeveria-nuk-pulikon-shpenzimet-per-udhetimet-e-edi-rames\/","title":{"rendered":"Sa kushtoi fluturimi i fundit i kryeministrit drejt Hag\u00ebs? Pse qeveria nuk pulikon shpenzimet p\u00ebr udh\u00ebtimet e Edi Ram\u00ebs?"},"content":{"rendered":"<p><strong>Deklarata e z\u00ebdh\u00ebn\u00ebses s\u00eb Antikorrupsionit n\u00eb PD, Genta Vangjeli:<\/strong><\/p>\n<p><strong>Kryeministri shqiptar Edi Rama ka udh\u00ebtuar disa dit\u00eb m\u00eb par\u00eb drejt Holand\u00ebs p\u00ebr t\u00eb marr\u00eb pjes\u00eb n\u00eb samitin e NATO-s<\/strong>, duke zbritur n\u00eb aeroportin Schiphol n\u00eb Hag\u00eb\u00a0<strong>me nj\u00eb avion charter<\/strong>\u00a0t\u00eb mark\u00ebs Gulfstream G IVSP VIP,\u00a0<strong>me num\u00ebr regjistrimi TC-EMR (sipas pamjeve t\u00eb publikuara nga mediat).<\/strong><\/p>\n<p><strong>Ky avion nuk \u00ebsht\u00eb n\u00eb pron\u00ebsi t\u00eb shtetit shqiptar dhe, dyshohet t\u00eb jet\u00eb marr\u00eb me qira me nj\u00eb kosto q\u00eb varion nga 6,500 deri n\u00eb 7,500 dollar\u00eb p\u00ebr or\u00eb fluturimi<\/strong>, duke p\u00ebrfshir\u00eb karburantin, ekuipazhin, sh\u00ebrbimin VIP dhe udh\u00ebtimin privat. Avioni \u201cTC EMR\u201d \u00ebsht\u00eb i njohur nd\u00ebrkomb\u00ebtarisht p\u00ebr fluturimet luksoze dhe p\u00ebrdoret nga klient\u00eb t\u00eb nivelit t\u00eb lart\u00eb.<\/p>\n<p>N\u00eb 30 Janar 2020 Drejtoria e Sh\u00ebrbimeve Qeveritare ka lidhur nj\u00eb marr\u00ebveshje bashk\u00ebpunimi me Air Albania me objekt ofrimin e sh\u00ebrbimit t\u00eb fluturimeve t\u00eb posacme charter p\u00ebr KM e RSH.<\/p>\n<p>Sipas pik\u00ebs 3.1.6 t\u00eb k\u00ebsaj akt-marr\u00ebveshjeje Air\u00a0 Albania do t\u00eb vendos\u00eb n\u00eb dispozicion t\u00eb DSHQ mjetin<\/p>\n<p><strong>Avion Air craft Airbus A319<\/strong><\/p>\n<p>Kapacitet mbart\u00ebs 32 persona<\/p>\n<p>Kodi i rregjistrimit TC -ANA<\/p>\n<p>Vitet e p\u00ebrdorimit 20<\/p>\n<p>Pagesat variojn\u00eb sipas destinacionit dhe sipas\u00a0 pik\u00ebs pik\u00ebs 3.2.4 , DSHQ merr p\u00ebrsip\u00ebr pagimin e fatur\u00ebs tatimore l\u00ebshuar nga Air Albania.<\/p>\n<p>Sipas mediave, e pyetur nga BIRN,\u00a0\u00a0<strong><em>Agjencia p\u00ebr Media dhe Informim deklaroi se: \u201cKryeministria nuk ka paguar ndonj\u00ebher\u00eb dhe nuk paguan p\u00ebr chartera, por ka nj\u00eb marr\u00ebveshje kuad\u00ebr me kompanin\u00eb Air Albania, n\u00eb nj\u00eb shum\u00eb vjetore mesatare t\u00eb shpenzimeve vjetore t\u00eb kryeministrit n\u00eb vitet paraardh\u00ebse\u201d<\/em><\/strong><strong>.<\/strong><\/p>\n<p>Qytetar\u00ebt shqiptar\u00eb n\u00eb fakt meritojn\u00eb p\u00ebrgjigje t\u00eb qarta lidhur me:<\/p>\n<ol class=\"wp-block-list\">\n<li>\u00a0A \u00ebsht\u00eb zbatuar pika 3.2.6 e akt marr\u00ebveshjes s\u00eb lidhur nd\u00ebrmjet Air Albania dhe DSHQ, duke qen\u00eb se avioni me t\u00eb cilin KM fluturoi n\u00eb Hag\u00eb \u00ebsht\u00eb i ndrysh\u00ebm nga ai i p\u00ebrcaktuar n\u00eb aktmarr\u00ebveshje, dhe n\u00ebse po,\u00a0 k\u00ebrkojm\u00eb t\u00eb publikohet dakort\u00ebsimi me shkrim i Air Albania<\/li>\n<\/ol>\n<ol class=\"wp-block-list\" start=\"2\">\n<li>Sa \u00ebsht\u00eb vlera e fluturimit t\u00eb udh\u00ebtimit t\u00eb KM n\u00eb Hag\u00eb sipas fatur\u00ebs tatimore respektive l\u00ebshuar nga ofruesi i sh\u00ebrbimit?<\/li>\n<\/ol>\n<ol class=\"wp-block-list\" start=\"3\">\n<li>Sa \u00ebsht\u00eb \u00e7mimi i\u00a0 paguar deri tani nga DSHQ p\u00ebr udh\u00ebtimet charter t\u00eb KM?<\/li>\n<li><\/li>\n<\/ol>\n<ol class=\"wp-block-list\" start=\"4\">\n<li>Duke qen\u00eb se n\u00eb thesar nuk gjejm\u00eb fatura t\u00eb ekzekutuara sipas nominimit akt marr\u00ebveshjes dt 30 Janar 2020,\u00a0 si \u00ebsht\u00eb procedurar me pagesat n\u00eb favor t\u00eb ofruesit t\u00eb sh\u00ebrbimit Air Albania, i cili sipas data baz\u00ebs s\u00eb spending data nga thesari q\u00eb prej v.2019 deri tani, rezulton t\u00eb ket\u00eb p\u00ebrfituar vet\u00ebm 200 mij\u00eb lek p\u00ebr udh\u00ebtime<\/li>\n<\/ol>\n<div class=\"wp-block-file\" data-wp-interactive=\"core\/file\"><object class=\"wp-block-file__embed\" data=\"https:\/\/pd.al\/wp-content\/uploads\/2025\/07\/1.pdf\" type=\"application\/pdf\" width=\"300\" height=\"150\" data-wp-bind--hidden=\"!state.hasPdfPreview\" aria-label=\"Trup\u00ebzim i 1.\" data-mce-fragment=\"1\"><\/object><a id=\"wp-block-file--media-4a38b127-24a3-4338-acdc-a4eee680ddb5\" href=\"https:\/\/pd.al\/wp-content\/uploads\/2025\/07\/1.pdf\" target=\"_blank\" rel=\"noopener\">1<\/a><a class=\"wp-block-file__button wp-element-button\" href=\"https:\/\/pd.al\/wp-content\/uploads\/2025\/07\/1.pdf\" download=\"\" aria-describedby=\"wp-block-file--media-4a38b127-24a3-4338-acdc-a4eee680ddb5\" target=\"_blank\" rel=\"noopener\">Download<\/a><\/div>\n<p>Kujtojm\u00eb se SPAK-ut \u00ebsht\u00eb me dije, lidhur me shpenzimet p\u00ebr udh\u00ebtime me charter t\u00eb KM \u2013 n\u00eb nj\u00eb total prej rreth 21 milion\u00eb eurosh \u2013 por organi i akuz\u00ebs vijon t\u00eb hesht\u00eb.<\/p>\n<p>Shqip\u00ebria nuk mund t\u00eb ec\u00eb p\u00ebrpara me standarde t\u00eb dyfishta dhe abuzime t\u00eb pand\u00ebshkuara.<\/p>\n<p>Ftojm\u00eb mediat, opinionin publik dhe institucionet e drejt\u00ebsis\u00eb t\u00eb trajtojn\u00eb me seriozitet k\u00ebt\u00eb \u00e7\u00ebshtje dhe t\u00eb k\u00ebrkojn\u00eb p\u00ebrgjegj\u00ebsi t\u00eb plot\u00eb.<\/p>\n","protected":false},"excerpt":{"rendered":"<p>Deklarata e z\u00ebdh\u00ebn\u00ebses s\u00eb Antikorrupsionit n\u00eb PD, Genta Vangjeli: Kryeministri shqiptar Edi Rama ka udh\u00ebtuar disa dit\u00eb m\u00eb par\u00eb drejt Holand\u00ebs p\u00ebr t\u00eb marr\u00eb pjes\u00eb n\u00eb samitin e NATO-s, duke zbritur n\u00eb aeroportin Schiphol n\u00eb Hag\u00eb\u00a0me nj\u00eb avion charter\u00a0t\u00eb mark\u00ebs Gulfstream G IVSP VIP,\u00a0me num\u00ebr regjistrimi TC-EMR (sipas pamjeve t\u00eb publikuara nga mediat). Ky avion &hellip;<\/p>\n","protected":false},"author":4,"featured_media":27840,"comment_status":"closed","ping_status":"closed","sticky":false,"template":"","format":"standard","meta":{"footnotes":""},"categories":[37],"tags":[],"class_list":["post-118856","post","type-post","status-publish","format-standard","has-post-thumbnail","","category-politike"],"_links":{"self":[{"href":"https:\/\/rdnews.al\/index.php\/wp-json\/wp\/v2\/posts\/118856","targetHints":{"allow":["GET"]}}],"collection":[{"href":"https:\/\/rdnews.al\/index.php\/wp-json\/wp\/v2\/posts"}],"about":[{"href":"https:\/\/rdnews.al\/index.php\/wp-json\/wp\/v2\/types\/post"}],"author":[{"embeddable":true,"href":"https:\/\/rdnews.al\/index.php\/wp-json\/wp\/v2\/users\/4"}],"replies":[{"embeddable":true,"href":"https:\/\/rdnews.al\/index.php\/wp-json\/wp\/v2\/comments?post=118856"}],"version-history":[{"count":1,"href":"https:\/\/rdnews.al\/index.php\/wp-json\/wp\/v2\/posts\/118856\/revisions"}],"predecessor-version":[{"id":118857,"href":"https:\/\/rdnews.al\/index.php\/wp-json\/wp\/v2\/posts\/118856\/revisions\/118857"}],"wp:featuredmedia":[{"embeddable":true,"href":"https:\/\/rdnews.al\/index.php\/wp-json\/wp\/v2\/media\/27840"}],"wp:attachment":[{"href":"https:\/\/rdnews.al\/index.php\/wp-json\/wp\/v2\/media?parent=118856"}],"wp:term":[{"taxonomy":"category","embeddable":true,"href":"https:\/\/rdnews.al\/index.php\/wp-json\/wp\/v2\/categories?post=118856"},{"taxonomy":"post_tag","embeddable":true,"href":"https:\/\/rdnews.al\/index.php\/wp-json\/wp\/v2\/tags?post=118856"}],"curies":[{"name":"wp","href":"https:\/\/api.w.org\/{rel}","templated":true}]}}