{"id":118865,"date":"2025-07-12T10:44:43","date_gmt":"2025-07-12T10:44:43","guid":{"rendered":"https:\/\/rdnews.al\/?p=118865"},"modified":"2025-07-12T10:45:49","modified_gmt":"2025-07-12T10:45:49","slug":"118865","status":"publish","type":"post","link":"https:\/\/rdnews.al\/index.php\/2025\/07\/12\/118865\/","title":{"rendered":"Shtet-rrethim n\u00eb zem\u00ebr t\u00eb turizmit\/ Berisha: Ramaduro po shkat\u00ebrron veriun!"},"content":{"rendered":"<p>Kryetari i Partis\u00eb Demokratike, Sali Berisha, ka publikuar sot n\u00eb Facebook nj\u00eb video nga Thethi, ku duken forca t\u00eb shumta policie q\u00eb kan\u00eb rrethuar zon\u00ebn dhe nuk lejojn\u00eb l\u00ebvizjen e lir\u00eb t\u00eb qytetar\u00ebve.<\/p>\n<p>\u201c<em>Thethi n\u00eb shtet-rrethim! Turist\u00ebt largohen n\u00eb panik. Armiku m\u00eb i eg\u00ebr i veriut Ramaduro i shkat\u00ebrron Thethit dhe veriut turizmin\u201d<\/em><em>,\u00a0<\/em>shkruan Berisha, duke akuzuar drejtp\u00ebrdrejt kryeministrin Edi Rama p\u00ebr tensionet e krijuara n\u00eb zon\u00eb.<\/p>\n<p>N\u00eb videon e shp\u00ebrndar\u00eb nga lideri demokrat, duken oficer\u00eb policie kan\u00eb rethuar zon\u00ebn, nd\u00ebrsa qytetar\u00ebt dhe vizitor\u00ebt ndalohen t\u00eb kalojn\u00eb. Sipas Berish\u00ebs, kjo \u00ebsht\u00eb nj\u00eb form\u00eb presioni dhe terrori shtet\u00ebror ndaj banor\u00ebve t\u00eb Thethit, por edhe ndaj turist\u00ebve q\u00eb kishin zgjedhur k\u00ebt\u00eb zon\u00eb p\u00ebr t\u00eb kaluar pushimet e ver\u00ebs.<\/p>\n<p>\u201cD\u00ebnoj me forc\u00ebn m\u00eb t\u00eb madhe terrorin shtet\u00ebror t\u00eb Edi Ram\u00ebs dhe bandave t\u00eb tij me uniform\u00eb kund\u00ebr banor\u00ebve t\u00eb Thethit\u201d,\u00a0vijon Berisha n\u00eb reagimin e tij, duke theksuar se kjo situat\u00eb d\u00ebmton r\u00ebnd\u00eb turizmin dhe ekonomin\u00eb vendase n\u00eb veri t\u00eb vendit.<\/p>\n<p><strong>Postimi\u00a0<\/strong><\/p>\n<p><iframe loading=\"lazy\" src=\"https:\/\/www.facebook.com\/plugins\/video.php?height=314&amp;href=https%3A%2F%2Fwww.facebook.com%2FSaliBerisha%2Fvideos%2F2445035972542239%2F&amp;show_text=true&amp;width=560&amp;t=0\" width=\"560\" height=\"429\" frameborder=\"0\" scrolling=\"no\" allowfullscreen=\"allowfullscreen\" data-mce-fragment=\"1\"><\/iframe><\/p>\n","protected":false},"excerpt":{"rendered":"<p>Kryetari i Partis\u00eb Demokratike, Sali Berisha, ka publikuar sot n\u00eb Facebook nj\u00eb video nga Thethi, ku duken forca t\u00eb shumta policie q\u00eb kan\u00eb rrethuar zon\u00ebn dhe nuk lejojn\u00eb l\u00ebvizjen e lir\u00eb t\u00eb qytetar\u00ebve. \u201cThethi n\u00eb shtet-rrethim! Turist\u00ebt largohen n\u00eb panik. Armiku m\u00eb i eg\u00ebr i veriut Ramaduro i shkat\u00ebrron Thethit dhe veriut turizmin\u201d,\u00a0shkruan Berisha, duke &hellip;<\/p>\n","protected":false},"author":4,"featured_media":118866,"comment_status":"closed","ping_status":"closed","sticky":false,"template":"","format":"standard","meta":{"footnotes":""},"categories":[37],"tags":[],"class_list":["post-118865","post","type-post","status-publish","format-standard","has-post-thumbnail","","category-politike"],"_links":{"self":[{"href":"https:\/\/rdnews.al\/index.php\/wp-json\/wp\/v2\/posts\/118865","targetHints":{"allow":["GET"]}}],"collection":[{"href":"https:\/\/rdnews.al\/index.php\/wp-json\/wp\/v2\/posts"}],"about":[{"href":"https:\/\/rdnews.al\/index.php\/wp-json\/wp\/v2\/types\/post"}],"author":[{"embeddable":true,"href":"https:\/\/rdnews.al\/index.php\/wp-json\/wp\/v2\/users\/4"}],"replies":[{"embeddable":true,"href":"https:\/\/rdnews.al\/index.php\/wp-json\/wp\/v2\/comments?post=118865"}],"version-history":[{"count":3,"href":"https:\/\/rdnews.al\/index.php\/wp-json\/wp\/v2\/posts\/118865\/revisions"}],"predecessor-version":[{"id":118869,"href":"https:\/\/rdnews.al\/index.php\/wp-json\/wp\/v2\/posts\/118865\/revisions\/118869"}],"wp:featuredmedia":[{"embeddable":true,"href":"https:\/\/rdnews.al\/index.php\/wp-json\/wp\/v2\/media\/118866"}],"wp:attachment":[{"href":"https:\/\/rdnews.al\/index.php\/wp-json\/wp\/v2\/media?parent=118865"}],"wp:term":[{"taxonomy":"category","embeddable":true,"href":"https:\/\/rdnews.al\/index.php\/wp-json\/wp\/v2\/categories?post=118865"},{"taxonomy":"post_tag","embeddable":true,"href":"https:\/\/rdnews.al\/index.php\/wp-json\/wp\/v2\/tags?post=118865"}],"curies":[{"name":"wp","href":"https:\/\/api.w.org\/{rel}","templated":true}]}}