{"id":118875,"date":"2025-07-12T17:23:32","date_gmt":"2025-07-12T17:23:32","guid":{"rendered":"https:\/\/rdnews.al\/?p=118875"},"modified":"2025-07-12T17:23:32","modified_gmt":"2025-07-12T17:23:32","slug":"berisha-fallangat-e-ramaduros-rrethojne-thethin-me-tela-me-gjemba","status":"publish","type":"post","link":"https:\/\/rdnews.al\/index.php\/2025\/07\/12\/berisha-fallangat-e-ramaduros-rrethojne-thethin-me-tela-me-gjemba\/","title":{"rendered":"Berisha: fallangat e Ramaduros rrethojn\u00eb Thethin me tela me gjemba!"},"content":{"rendered":"<p>Lideri i opozit\u00ebs, Sali Berisha ka reaguar s\u00ebrish p\u00ebr zhvillimet e fundit n\u00eb Theth ku banda qeveritare ka d\u00ebrguar IKMT dhe policin\u00eb e shtetit p\u00ebr tu shembur sht\u00ebpit\u00eb banor\u00ebve t\u00eb Thethit, nd\u00ebrtime q\u00eb i kan\u00eb b\u00ebr\u00eb n\u00eb tokat e tyre me djers\u00ebn e pun\u00ebs s\u00eb shum\u00eb viteve.<\/p>\n<p>Berisha shkruan se, fallanget e Ramduros q\u00eb pengojn\u00eb, n\u00ebnkryetarin e PD dhe an\u00ebtarin e Kryesis\u00eb s\u00eb PD deputet\u00ebt Bo\u00e7i dhe Spahia t\u00eb komunikojn\u00eb me qytetar\u00ebt.<\/p>\n<p><strong>Reagimi <\/strong><\/p>\n<p>M\u00eb t\u00eb zi se pushtuesit, fallangat e Ramaduros rrethojn\u00eb Thethin me tela me gjemba! Pengojn\u00eb N\u00ebnkryetarin e PD dhe an\u00ebtarin e Kryesis\u00eb s\u00eb PD deputet\u00ebt Bo\u00e7i dhe Spahia t\u00eb komunikojn\u00eb me qytetar\u00ebt!<\/p>\n<p>Edhe nj\u00ebher\u00eb d\u00ebnoj me forc\u00ebn m\u00eb t\u00eb madhe terrorin e Ramaduros dhe fallangave t\u00eb tij t\u00eb krimit ndaj banor\u00ebve t\u00eb Thethit. Mb\u00ebshtetje t\u00eb plot\u00eb banor\u00ebve p\u00ebr qendres\u00ebn e tyre ndaj krimit dhe terrorit shtet\u00ebror.<\/p>\n","protected":false},"excerpt":{"rendered":"<p>Lideri i opozit\u00ebs, Sali Berisha ka reaguar s\u00ebrish p\u00ebr zhvillimet e fundit n\u00eb Theth ku banda qeveritare ka d\u00ebrguar IKMT dhe policin\u00eb e shtetit p\u00ebr tu shembur sht\u00ebpit\u00eb banor\u00ebve t\u00eb Thethit, nd\u00ebrtime q\u00eb i kan\u00eb b\u00ebr\u00eb n\u00eb tokat e tyre me djers\u00ebn e pun\u00ebs s\u00eb shum\u00eb viteve. Berisha shkruan se, fallanget e Ramduros q\u00eb pengojn\u00eb, &hellip;<\/p>\n","protected":false},"author":4,"featured_media":118876,"comment_status":"closed","ping_status":"closed","sticky":false,"template":"","format":"standard","meta":{"footnotes":""},"categories":[37],"tags":[],"class_list":["post-118875","post","type-post","status-publish","format-standard","has-post-thumbnail","","category-politike"],"_links":{"self":[{"href":"https:\/\/rdnews.al\/index.php\/wp-json\/wp\/v2\/posts\/118875","targetHints":{"allow":["GET"]}}],"collection":[{"href":"https:\/\/rdnews.al\/index.php\/wp-json\/wp\/v2\/posts"}],"about":[{"href":"https:\/\/rdnews.al\/index.php\/wp-json\/wp\/v2\/types\/post"}],"author":[{"embeddable":true,"href":"https:\/\/rdnews.al\/index.php\/wp-json\/wp\/v2\/users\/4"}],"replies":[{"embeddable":true,"href":"https:\/\/rdnews.al\/index.php\/wp-json\/wp\/v2\/comments?post=118875"}],"version-history":[{"count":1,"href":"https:\/\/rdnews.al\/index.php\/wp-json\/wp\/v2\/posts\/118875\/revisions"}],"predecessor-version":[{"id":118877,"href":"https:\/\/rdnews.al\/index.php\/wp-json\/wp\/v2\/posts\/118875\/revisions\/118877"}],"wp:featuredmedia":[{"embeddable":true,"href":"https:\/\/rdnews.al\/index.php\/wp-json\/wp\/v2\/media\/118876"}],"wp:attachment":[{"href":"https:\/\/rdnews.al\/index.php\/wp-json\/wp\/v2\/media?parent=118875"}],"wp:term":[{"taxonomy":"category","embeddable":true,"href":"https:\/\/rdnews.al\/index.php\/wp-json\/wp\/v2\/categories?post=118875"},{"taxonomy":"post_tag","embeddable":true,"href":"https:\/\/rdnews.al\/index.php\/wp-json\/wp\/v2\/tags?post=118875"}],"curies":[{"name":"wp","href":"https:\/\/api.w.org\/{rel}","templated":true}]}}