{"id":118878,"date":"2025-07-12T17:31:37","date_gmt":"2025-07-12T17:31:37","guid":{"rendered":"https:\/\/rdnews.al\/?p=118878"},"modified":"2025-07-12T17:31:37","modified_gmt":"2025-07-12T17:31:37","slug":"shuhet-ish-ambasadori-gjerman-dielli-perendoi-per-werner-daum-ambasadorin-e-lirise","status":"publish","type":"post","link":"https:\/\/rdnews.al\/index.php\/2025\/07\/12\/shuhet-ish-ambasadori-gjerman-dielli-perendoi-per-werner-daum-ambasadorin-e-lirise\/","title":{"rendered":"Shuhet ish-ambasadori gjerman\/ Dielli per\u00ebndoi p\u00ebr Werner Daum, Ambasadorin e Liris\u00eb!"},"content":{"rendered":"<div id=\"rekl-49\"><strong>Nga Sali BERISHA<\/strong><\/div>\n<div class=\"readmore-text-here\">\n<p>T\u00eb dashur miq, ish-ambasadori i par\u00eb gjerman pas Luft\u00ebs s\u00eb Dyt\u00eb Bot\u00ebrore n\u00eb Shqip\u00ebri, nj\u00eb mik i madh i Shqip\u00ebris\u00eb dhe kombit shqiptar, Werner Daum, mbylli syt\u00eb p\u00ebrgjithmon\u00eb n\u00eb atdheun e tij t\u00eb dyt\u00eb, n\u00eb Shqip\u00ebri.<\/p>\n<p>Ambasadori Werner Daum ishte nj\u00eb mik i shquar i dit\u00ebve m\u00eb t\u00eb v\u00ebshtira p\u00ebr Shqip\u00ebrin\u00eb dhe shqiptar\u00ebt. N\u00eb vitet 1989\u20131990, pas r\u00ebnies s\u00eb Murit t\u00eb Berlinit, Werner Daum, p\u00ebrfaq\u00ebsues i kombit t\u00eb madh gjerman, pasardh\u00ebs i nj\u00eb familjeje antinaziste i m\u00ebkuar me pasionin p\u00ebr lirin\u00eb, b\u00ebri gjith\u00e7ka dhe m\u00eb shum\u00eb se kushdo tjet\u00ebr q\u00eb t\u00eb inkurajonte shqiptar\u00ebt t\u00eb ngriheshin kund\u00ebr regjimit komunist diktatorial dhe t\u00eb ndiqnin rrug\u00ebn e kombeve t\u00eb tjera t\u00eb shtypura ish-komuniste. Me kontaktet dhe takimet e tij direkte me guximtar\u00eb t\u00eb grupeve antikomuniste n\u00eb Shkod\u00ebr, Kavaj\u00eb, Tiran\u00eb etj., ai dha ndihmes\u00eb tejet t\u00eb \u00e7muar n\u00eb inkurajimin e protestave t\u00eb para antikomuniste n\u00eb Shkod\u00ebr, Kavaj\u00eb, Tiran\u00eb n\u00eb muajt e par\u00eb t\u00eb vitit 1990.<\/p>\n<p>Por veprimtaria e tij p\u00ebr lirin\u00eb e shqiptar\u00ebve kulmoi si promotor kryesor i kryengritjes paq\u00ebsore t\u00eb Rinis\u00eb s\u00eb Tiran\u00ebs m\u00eb 2 korrik 1990. Ambasada e vendit t\u00eb tij, n\u00ebn drejtimin e tij, u shnd\u00ebrrua n\u00eb k\u00ebshtjell\u00ebn e liris\u00eb t\u00eb 3800 t\u00eb rinjve q\u00eb shemb\u00ebn Murin e Berlinit n\u00eb Tiran\u00eb dhe e mbush\u00ebn at\u00eb me kryengrit\u00ebs n\u00eb \u00e7do skaj t\u00eb saj. Q\u00ebllimi i tij ishte q\u00eb kryengritja paq\u00ebsore e 3800 t\u00eb rinjve q\u00eb mbush\u00ebn ambasad\u00ebn e RFGJ dhe qindra e qindra t\u00eb rinjve t\u00eb tjer\u00eb q\u00eb hyn\u00eb n\u00eb ambasadat e tjera t\u00eb mb\u00ebshtetej nga qytetar\u00ebt e Tiran\u00ebs dhe t\u00eb p\u00ebrmbysej k\u00ebshtu edhe n\u00eb Shqip\u00ebri regjimi komunist.<\/p>\n<p>Pas k\u00ebtij aksioni t\u00eb jasht\u00ebzakonsh\u00ebm, q\u00eb u shnd\u00ebrrua n\u00eb kryelajmin e mediave bot\u00ebrore, ai u transferua nga Shqip\u00ebria dhe, mjerisht, shoq\u00ebria shqiptare ato dit\u00eb historike nuk doli dot nga apatia. Por megjith\u00ebk\u00ebt\u00eb, kryengritja paq\u00ebsore e 2 korrikut 1990, arkitekt kryesor i t\u00eb cil\u00ebs ishte ambasadori Werner Daum, do t\u00eb ishte preludi i revolucionit demokratik t\u00eb Dhjetorit 1990 q\u00eb solli p\u00ebrmbysjen e diktatur\u00ebs komuniste; ndaj dhe ai do t\u00eb mbetet gjithmon\u00eb Ambasador i Liris\u00eb p\u00ebr shqiptar\u00ebt.<\/p>\n<p>Pas largimit nga Shqip\u00ebria, mik i \u00e7muar i shqiptar\u00ebve dhe n\u00eb ve\u00e7anti i kolos\u00ebve Ismail Kadare dhe Martin Camaj, studiues dhe intelektual klasi n\u00eb elit\u00ebn akademike gjermane por edhe franceze, Werner Daum do t\u00eb ishte nj\u00eb avokat i Shqip\u00ebris\u00eb, shqiptar\u00ebve, kultur\u00ebs s\u00eb tyre. Ai i kushtoi koh\u00eb dhe energji t\u00eb \u00e7muar promovimit t\u00eb tyre n\u00eb Europ\u00eb. Dashurin\u00eb dhe respektin e tij p\u00ebr Shqip\u00ebrin\u00eb, shqiptar\u00ebt, kultur\u00ebn, identitetin, historin\u00eb e tyre, ai e paraqiti n\u00eb nj\u00eb seri studimesh, referatesh, leksionesh dhe ekspozitash nd\u00ebr m\u00eb t\u00eb arrirat kushtuar atyre.<\/p>\n<p>P\u00ebr t\u00eb gjith\u00eb kontributin e tij t\u00eb jasht\u00ebzakonsh\u00ebm, Presidenti i Republik\u00ebs, Bujar Nishani, e ka nderuar k\u00ebt\u00eb burr\u00eb t\u00eb shquar t\u00eb kombit gjerman me Urdhrin \u201cNaim Frash\u00ebri\u201d i Klasit t\u00eb Par\u00eb. Kurse kryetari i Bashkis\u00eb s\u00eb Kavaj\u00ebs e shpalli m\u00eb dat\u00ebn 10 korrik 2025 Qytetar Nderi t\u00eb qytetit.<\/p>\n<p>Un\u00eb pata fatin ta takoj p\u00ebrs\u00ebri at\u00eb m\u00eb 10 korrik 2025 n\u00eb Kavaj\u00eb, n\u00eb 35-vjetorin e r\u00ebnies s\u00eb heroit t\u00eb par\u00eb t\u00eb demokracis\u00eb s\u00eb Shqip\u00ebris\u00eb, Josif Buda, n\u00eb varrimin e t\u00eb cilit ai kishte marr\u00eb pjes\u00eb dhe kujtimin e t\u00eb cilit ai kishte ardhur ta nderonte. Dy dit\u00eb m\u00eb par\u00eb pata me ambasadorin nj\u00eb bised\u00eb t\u00eb gjat\u00eb, q\u00eb s\u00eb bashku me kujtimin e vepr\u00ebs s\u00eb tij t\u00eb ndritur do ta mbaj mend p\u00ebrgjithmon\u00eb.<\/p>\n<p><iframe loading=\"lazy\" src=\"https:\/\/www.facebook.com\/plugins\/post.php?href=https%3A%2F%2Fwww.facebook.com%2FSaliBerisha%2Fposts%2Fpfbid026UrEEvxw1nuKaEt2oUQeU9xTYSVwAAkMDtgSpk5ztDnWG7iPH9uUWceqkwdZ7zHGl&amp;show_text=true&amp;width=500\" width=\"500\" height=\"787\" frameborder=\"0\" scrolling=\"no\" allowfullscreen=\"allowfullscreen\" data-mce-fragment=\"1\"><\/iframe><\/p>\n<\/div>\n","protected":false},"excerpt":{"rendered":"<p>Nga Sali BERISHA T\u00eb dashur miq, ish-ambasadori i par\u00eb gjerman pas Luft\u00ebs s\u00eb Dyt\u00eb Bot\u00ebrore n\u00eb Shqip\u00ebri, nj\u00eb mik i madh i Shqip\u00ebris\u00eb dhe kombit shqiptar, Werner Daum, mbylli syt\u00eb p\u00ebrgjithmon\u00eb n\u00eb atdheun e tij t\u00eb dyt\u00eb, n\u00eb Shqip\u00ebri. Ambasadori Werner Daum ishte nj\u00eb mik i shquar i dit\u00ebve m\u00eb t\u00eb v\u00ebshtira p\u00ebr Shqip\u00ebrin\u00eb dhe &hellip;<\/p>\n","protected":false},"author":4,"featured_media":118645,"comment_status":"closed","ping_status":"closed","sticky":false,"template":"","format":"standard","meta":{"footnotes":""},"categories":[37],"tags":[],"class_list":["post-118878","post","type-post","status-publish","format-standard","has-post-thumbnail","","category-politike"],"_links":{"self":[{"href":"https:\/\/rdnews.al\/index.php\/wp-json\/wp\/v2\/posts\/118878","targetHints":{"allow":["GET"]}}],"collection":[{"href":"https:\/\/rdnews.al\/index.php\/wp-json\/wp\/v2\/posts"}],"about":[{"href":"https:\/\/rdnews.al\/index.php\/wp-json\/wp\/v2\/types\/post"}],"author":[{"embeddable":true,"href":"https:\/\/rdnews.al\/index.php\/wp-json\/wp\/v2\/users\/4"}],"replies":[{"embeddable":true,"href":"https:\/\/rdnews.al\/index.php\/wp-json\/wp\/v2\/comments?post=118878"}],"version-history":[{"count":1,"href":"https:\/\/rdnews.al\/index.php\/wp-json\/wp\/v2\/posts\/118878\/revisions"}],"predecessor-version":[{"id":118879,"href":"https:\/\/rdnews.al\/index.php\/wp-json\/wp\/v2\/posts\/118878\/revisions\/118879"}],"wp:featuredmedia":[{"embeddable":true,"href":"https:\/\/rdnews.al\/index.php\/wp-json\/wp\/v2\/media\/118645"}],"wp:attachment":[{"href":"https:\/\/rdnews.al\/index.php\/wp-json\/wp\/v2\/media?parent=118878"}],"wp:term":[{"taxonomy":"category","embeddable":true,"href":"https:\/\/rdnews.al\/index.php\/wp-json\/wp\/v2\/categories?post=118878"},{"taxonomy":"post_tag","embeddable":true,"href":"https:\/\/rdnews.al\/index.php\/wp-json\/wp\/v2\/tags?post=118878"}],"curies":[{"name":"wp","href":"https:\/\/api.w.org\/{rel}","templated":true}]}}