{"id":118880,"date":"2025-07-12T17:35:00","date_gmt":"2025-07-12T17:35:00","guid":{"rendered":"https:\/\/rdnews.al\/?p=118880"},"modified":"2025-07-12T17:35:00","modified_gmt":"2025-07-12T17:35:00","slug":"zhupa-ligji-per-zonat-e-mbrojtura-eshte-bere-per-oligarket-jo-per-banoret-e-thethit","status":"publish","type":"post","link":"https:\/\/rdnews.al\/index.php\/2025\/07\/12\/zhupa-ligji-per-zonat-e-mbrojtura-eshte-bere-per-oligarket-jo-per-banoret-e-thethit\/","title":{"rendered":"Zhupa: Ligji p\u00ebr zonat e mbrojtura \u00ebsht\u00eb b\u00ebr\u00eb p\u00ebr oligark\u00ebt, jo p\u00ebr banor\u00ebt e Thethit"},"content":{"rendered":"<p>Deputetja e Partis\u00eb Demokratike Ina Zhupa, ka komentuar aksionin e fundit t\u00eb qeveris\u00eb p\u00ebr prishjen e nd\u00ebrtimeve pa leje dhe lirimin e hap\u00ebsirave publike.<\/p>\n<p>Sipas saj, Edi Rama ka d\u00ebshmuar prej 12 vitesh se nuk ka asnj\u00eb lidhje me ligjshm\u00ebrin\u00eb dhe shtetin ligjor.<\/p>\n<p>Zhupa theksoi se m\u00ebnyra e tij e qeverisjes, p\u00ebrmes aksioneve t\u00eb nj\u00ebanshme dhe t\u00eb papritura, p\u00ebrfaq\u00ebson nj\u00eb form\u00eb t\u00eb qeverisjes banditeske, q\u00eb sh\u00ebrben p\u00ebr interesa klienteliste dhe n\u00eb funksion t\u00eb oligark\u00ebve e investitor\u00ebve t\u00eb af\u00ebrt me pushtetin.<\/p>\n<p>\u201cT\u00eb gjitha ngjarjet jan\u00eb t\u00eb lidhura me nj\u00ebra-tjetr\u00ebn. Rama e ka treguar prej 12 vitesh q\u00eb nuk ka lidhje me ligjshm\u00ebrin\u00eb dhe shtetin ligjor, dhe kjo m\u00ebnyr\u00eb e t\u00eb qeverisurit n\u00ebp\u00ebrmjet aksioneve t\u00eb tij \u00ebsht\u00eb nj\u00eb qeverisje banditeske, q\u00eb p\u00ebr interesa klienteliste zgjedh dhe piketon zona dhe problematika t\u00eb caktuara q\u00eb duhet t\u00eb adresoj\u00eb, kur n\u00eb fakt i duhen p\u00ebr t\u00eb ndihmuar nj\u00eb oligark apo nj\u00eb investitor \u201cstrategjik\u201d.<\/p>\n<p>Ka disa gj\u00ebra q\u00eb kan\u00eb ndodhur nj\u00ebkoh\u00ebsisht. S\u00eb pari, \u00ebsht\u00eb ndryshuar ligji i zonave t\u00eb mbrojtura, dhe kur u ndryshua ky ligj n\u00eb Kuvend, n\u00eb interpelanc\u00eb me mua, Mirela Kumbaro ka marr\u00eb shembull banor\u00ebt e Thethit, duke th\u00ebn\u00eb se ata kan\u00eb nd\u00ebrtuar n\u00eb tok\u00ebn e tyre dhe se ky ligj do t\u2019i ndihmoj\u00eb ata t\u00eb jetojn\u00eb n\u00eb m\u00ebnyr\u00eb t\u00eb ligjshme.<\/p>\n<p>Nd\u00ebrkoh\u00eb, si\u00e7 tregohet dhe v\u00ebrtetohet ajo q\u00eb ne kemi th\u00ebn\u00eb n\u00eb Kuvend: ligji nuk b\u00ebhej fare p\u00ebr ta. Ligji \u00ebsht\u00eb b\u00ebr\u00eb p\u00ebr t\u00eb tjer\u00eb, t\u00eb cil\u00ebt do t\u00eb merrnin tokat publike, do t\u00eb shkat\u00ebrronin at\u00eb q\u00eb banor\u00ebt kishin nd\u00ebrtuar dhe do t\u00eb uzurponin at\u00eb q\u00eb u takon banor\u00ebve.<\/p>\n<p>\u201cPaketa e maleve\u201d u vendos si mekaniz\u00ebm kund\u00ebr Kodit Zgjedhor, i cili nuk lejon miratimin e ligjeve t\u00eb tilla deri dy muaj para zgjedhjeve, dhe ato jan\u00eb n\u00eb funksion t\u00eb sh\u00ebrbimit elektoral dhe t\u00eb pastrimit t\u00eb parave t\u00eb pista t\u00eb oligark\u00ebve t\u00eb Ram\u00ebs.<\/p>\n<p>Banor\u00ebt e Thethit ai i p\u00ebrdori dhe m\u00eb pas i hodhi posht\u00eb.<\/p>\n<p>Rama \u00ebsht\u00eb shembulli tipik i nj\u00eb diktatori modern, i cili i ka kthyer institucionet n\u00eb kuti kartoni q\u00eb i l\u00ebviz sipas d\u00ebshir\u00ebs, nuk njeh ndarje pushtetesh, nuk zbaton Kushtetut\u00ebn dhe asgj\u00eb q\u00eb ekziston n\u00eb k\u00ebt\u00eb vend.<br \/>\nNj\u00eb njeri q\u00eb pretendon se vjen me vizionin e nj\u00eb Shqip\u00ebrie europiane, por q\u00eb nuk zbaton asnj\u00eb kriter t\u00eb m\u00ebnyr\u00ebs se si qeverisin ato vende, ku ligji, institucionet dhe barazia para ligjit mbizot\u00ebrojn\u00eb.<br \/>\nKjo tregon se \u00e7far\u00eb thot\u00eb propaganda dhe \u00e7far\u00eb \u00ebsht\u00eb realiteti.\u201d,\u00a0tha Zhupa n\u00eb Syri TV.<\/p>\n","protected":false},"excerpt":{"rendered":"<p>Deputetja e Partis\u00eb Demokratike Ina Zhupa, ka komentuar aksionin e fundit t\u00eb qeveris\u00eb p\u00ebr prishjen e nd\u00ebrtimeve pa leje dhe lirimin e hap\u00ebsirave publike. Sipas saj, Edi Rama ka d\u00ebshmuar prej 12 vitesh se nuk ka asnj\u00eb lidhje me ligjshm\u00ebrin\u00eb dhe shtetin ligjor. Zhupa theksoi se m\u00ebnyra e tij e qeverisjes, p\u00ebrmes aksioneve t\u00eb nj\u00ebanshme &hellip;<\/p>\n","protected":false},"author":4,"featured_media":118881,"comment_status":"closed","ping_status":"closed","sticky":false,"template":"","format":"standard","meta":{"footnotes":""},"categories":[37],"tags":[],"class_list":["post-118880","post","type-post","status-publish","format-standard","has-post-thumbnail","","category-politike"],"_links":{"self":[{"href":"https:\/\/rdnews.al\/index.php\/wp-json\/wp\/v2\/posts\/118880","targetHints":{"allow":["GET"]}}],"collection":[{"href":"https:\/\/rdnews.al\/index.php\/wp-json\/wp\/v2\/posts"}],"about":[{"href":"https:\/\/rdnews.al\/index.php\/wp-json\/wp\/v2\/types\/post"}],"author":[{"embeddable":true,"href":"https:\/\/rdnews.al\/index.php\/wp-json\/wp\/v2\/users\/4"}],"replies":[{"embeddable":true,"href":"https:\/\/rdnews.al\/index.php\/wp-json\/wp\/v2\/comments?post=118880"}],"version-history":[{"count":1,"href":"https:\/\/rdnews.al\/index.php\/wp-json\/wp\/v2\/posts\/118880\/revisions"}],"predecessor-version":[{"id":118882,"href":"https:\/\/rdnews.al\/index.php\/wp-json\/wp\/v2\/posts\/118880\/revisions\/118882"}],"wp:featuredmedia":[{"embeddable":true,"href":"https:\/\/rdnews.al\/index.php\/wp-json\/wp\/v2\/media\/118881"}],"wp:attachment":[{"href":"https:\/\/rdnews.al\/index.php\/wp-json\/wp\/v2\/media?parent=118880"}],"wp:term":[{"taxonomy":"category","embeddable":true,"href":"https:\/\/rdnews.al\/index.php\/wp-json\/wp\/v2\/categories?post=118880"},{"taxonomy":"post_tag","embeddable":true,"href":"https:\/\/rdnews.al\/index.php\/wp-json\/wp\/v2\/tags?post=118880"}],"curies":[{"name":"wp","href":"https:\/\/api.w.org\/{rel}","templated":true}]}}