{"id":118890,"date":"2025-07-12T18:38:14","date_gmt":"2025-07-12T18:38:14","guid":{"rendered":"https:\/\/rdnews.al\/?p=118890"},"modified":"2025-07-14T08:16:16","modified_gmt":"2025-07-14T08:16:16","slug":"boci-perplaset-me-policine-ne-theth-rama-terror-ndaj-banoreve","status":"publish","type":"post","link":"https:\/\/rdnews.al\/index.php\/2025\/07\/12\/boci-perplaset-me-policine-ne-theth-rama-terror-ndaj-banoreve\/","title":{"rendered":"Bo\u00e7i p\u00ebrplaset me policin\u00eb n\u00eb Theth: Rama, terror ndaj banor\u00ebve"},"content":{"rendered":"<p class=\"selectionShareable\">Prej disa dit\u00ebsh situata n\u00eb Theth \u00ebsht\u00eb p\u00ebrshkall\u00ebzuar pas nisjes s\u00eb aksionit t\u00eb IKMT-s\u00eb p\u00ebr shembjen e nd\u00ebrtimeve pa leje n\u00eb k\u00ebt\u00eb zon\u00eb turistike. Banor\u00ebt lokal\u00eb kan\u00eb kund\u00ebrshtuar nd\u00ebrhyrjen e shtetit, duke argumentuar se mungesa e certifikatave t\u00eb pron\u00ebsis\u00eb i pengon t\u00eb pajisen me leje nd\u00ebrtimi, pavar\u00ebsisht se kan\u00eb nd\u00ebrtuar n\u00eb tokat e tyre.<\/p>\n<p class=\"selectionShareable\">Tensionet u rindez\u00ebn s\u00ebrish k\u00ebt\u00eb t\u00eb shtun\u00eb, kur n\u00eb zon\u00eb vijoi aksioni i IKMT-s\u00eb, i shoq\u00ebruar nga forca t\u00eb shumta policie. N\u00eb terren shkuan edhe p\u00ebrfaq\u00ebsues t\u00eb Partis\u00eb Demokratike, p\u00ebrfshir\u00eb drejtuesin politik t\u00eb qarkut Shkod\u00ebr, Lu\u00e7iano Bo\u00e7i, dhe deputetin Bardh Spahia.<\/p>\n<p class=\"selectionShareable\">N\u00eb nj\u00eb deklarat\u00eb p\u00ebr mediat, Bo\u00e7i u shpreh se turizmi familjar n\u00eb Theth ka p\u00ebsuar goditjen p\u00ebrfundimtare dhe akuzoi qeverin\u00eb p\u00ebr selektivitet n\u00eb veprimet e IKMT-s\u00eb. Ai theksoi se aksioni \u00ebsht\u00eb i pajustifikuar dhe se do t\u00eb ket\u00eb reagim t\u00eb organizuar nga opozita.<\/p>\n<p class=\"selectionShareable\">Sipas tij, banor\u00ebt jan\u00eb t\u00eb pambrojtur p\u00ebrball\u00eb nj\u00eb shteti q\u00eb, n\u00eb vend t\u00eb ndihmoj\u00eb zhvillimin e zon\u00ebs dhe formalizimin e turizmit vendas, po ushtron presion dhe po shkat\u00ebrron ekonomin\u00eb familjare.<\/p>\n<p class=\"selectionShareable\">\u201cT\u00eb gjith\u00eb drejtuesit e IKMT-s\u00eb thon\u00eb se kan\u00eb urdh\u00ebr, por askush nuk thot\u00eb nga kush. Kjo \u00ebsht\u00eb nj\u00eb val\u00eb terrori ndaj banor\u00ebve. Thirrja ime \u00ebsht\u00eb q\u00eb t\u00eb gjith\u00eb burrat e mal\u00ebsis\u00eb t\u00eb bashkohen p\u00ebr ta ndalur k\u00ebt\u00eb padrejt\u00ebsi,\u201d u shpreh Bo\u00e7i.<\/p>\n<p class=\"selectionShareable\">Nga ana tjet\u00ebr, autoritetet nuk kan\u00eb dh\u00ebn\u00eb ende nj\u00eb reagim t\u00eb detajuar lidhur me pretendimet e banor\u00ebve dhe t\u00eb opozit\u00ebs, nd\u00ebrsa aksioni p\u00ebr prishjen e nd\u00ebrtimeve t\u00eb paligjshme n\u00eb Theth pritet t\u00eb vijoj\u00eb edhe n\u00eb dit\u00ebt n\u00eb vijim.<\/p>\n","protected":false},"excerpt":{"rendered":"<p>Prej disa dit\u00ebsh situata n\u00eb Theth \u00ebsht\u00eb p\u00ebrshkall\u00ebzuar pas nisjes s\u00eb aksionit t\u00eb IKMT-s\u00eb p\u00ebr shembjen e nd\u00ebrtimeve pa leje n\u00eb k\u00ebt\u00eb zon\u00eb turistike. Banor\u00ebt lokal\u00eb kan\u00eb kund\u00ebrshtuar nd\u00ebrhyrjen e shtetit, duke argumentuar se mungesa e certifikatave t\u00eb pron\u00ebsis\u00eb i pengon t\u00eb pajisen me leje nd\u00ebrtimi, pavar\u00ebsisht se kan\u00eb nd\u00ebrtuar n\u00eb tokat e tyre. Tensionet &hellip;<\/p>\n","protected":false},"author":3,"featured_media":118909,"comment_status":"closed","ping_status":"closed","sticky":false,"template":"","format":"standard","meta":{"footnotes":""},"categories":[37],"tags":[],"class_list":["post-118890","post","type-post","status-publish","format-standard","has-post-thumbnail","","category-politike"],"_links":{"self":[{"href":"https:\/\/rdnews.al\/index.php\/wp-json\/wp\/v2\/posts\/118890","targetHints":{"allow":["GET"]}}],"collection":[{"href":"https:\/\/rdnews.al\/index.php\/wp-json\/wp\/v2\/posts"}],"about":[{"href":"https:\/\/rdnews.al\/index.php\/wp-json\/wp\/v2\/types\/post"}],"author":[{"embeddable":true,"href":"https:\/\/rdnews.al\/index.php\/wp-json\/wp\/v2\/users\/3"}],"replies":[{"embeddable":true,"href":"https:\/\/rdnews.al\/index.php\/wp-json\/wp\/v2\/comments?post=118890"}],"version-history":[{"count":1,"href":"https:\/\/rdnews.al\/index.php\/wp-json\/wp\/v2\/posts\/118890\/revisions"}],"predecessor-version":[{"id":118892,"href":"https:\/\/rdnews.al\/index.php\/wp-json\/wp\/v2\/posts\/118890\/revisions\/118892"}],"wp:featuredmedia":[{"embeddable":true,"href":"https:\/\/rdnews.al\/index.php\/wp-json\/wp\/v2\/media\/118909"}],"wp:attachment":[{"href":"https:\/\/rdnews.al\/index.php\/wp-json\/wp\/v2\/media?parent=118890"}],"wp:term":[{"taxonomy":"category","embeddable":true,"href":"https:\/\/rdnews.al\/index.php\/wp-json\/wp\/v2\/categories?post=118890"},{"taxonomy":"post_tag","embeddable":true,"href":"https:\/\/rdnews.al\/index.php\/wp-json\/wp\/v2\/tags?post=118890"}],"curies":[{"name":"wp","href":"https:\/\/api.w.org\/{rel}","templated":true}]}}