{"id":118893,"date":"2025-07-12T18:41:42","date_gmt":"2025-07-12T18:41:42","guid":{"rendered":"https:\/\/rdnews.al\/?p=118893"},"modified":"2025-07-12T18:41:42","modified_gmt":"2025-07-12T18:41:42","slug":"bardhi-kete-qe-rama-i-ka-bere-thethit-nuk-ja-kane-bere-as-hordhite-serbe","status":"publish","type":"post","link":"https:\/\/rdnews.al\/index.php\/2025\/07\/12\/bardhi-kete-qe-rama-i-ka-bere-thethit-nuk-ja-kane-bere-as-hordhite-serbe\/","title":{"rendered":"Bardhi: K\u00ebt\u00eb q\u00eb Rama i ka b\u00ebr\u00eb Thethit nuk ja kan\u00eb b\u00ebr\u00eb as hordhit\u00eb serbe"},"content":{"rendered":"<p class=\"selectionShareable\" data-start=\"138\" data-end=\"359\">Ish-kryebashkiaku i Shkodr\u00ebs dhe deputeti i sapozgjedhur nga radh\u00ebt e opozit\u00ebs, Bardh Spahia, ka reaguar ashp\u00ebr nga Thethi, ku po vijon aksioni i IKMT p\u00ebr shembjen e nd\u00ebrtimeve pa leje.<\/p>\n<p class=\"selectionShareable\" data-start=\"361\" data-end=\"609\">Spahia e ka cil\u00ebsuar situat\u00ebn si nj\u00eb akt t\u00eb past\u00ebr terrori shtet\u00ebror dhe ka akuzuar kryeministrin Edi Rama p\u00ebr mashtrim dhe hakmarrje politike ndaj banor\u00ebve t\u00eb zon\u00ebs, t\u00eb cil\u00ebt, sipas tij, e refuzuan qartazi n\u00eb zgjedhjet vendore t\u00eb 11 majit.<\/p>\n<p class=\"selectionShareable\" data-start=\"361\" data-end=\"609\">\u201c<em>Ndodhemi p\u00ebrball\u00eb nj\u00eb terrori t\u00eb v\u00ebrtet\u00eb shtet\u00ebror ndaj banor\u00ebve t\u00eb Thethit dhe Dukagjinit. Kjo zon\u00eb nuk i ka provuar k\u00ebto pamje q\u00eb nga koha e hordhive serbe,\u201d<\/em>\u00a0u shpreh Spahia para mediave.<\/p>\n<p class=\"selectionShareable\" data-start=\"805\" data-end=\"1003\">Ai theksoi se qeveria po shkat\u00ebrron investimet dhe kursimet e nj\u00eb jete t\u00eb emigrant\u00ebve dhe banor\u00ebve t\u00eb zon\u00ebs, t\u00eb cil\u00ebve m\u00eb her\u00ebt, sipas tij, u ishte premtuar mb\u00ebshtetje dhe legalizim i objekteve.<\/p>\n<p class=\"selectionShareable\" data-start=\"805\" data-end=\"1003\"><em>\u201cRama u dha fjal\u00ebn emigrant\u00ebve q\u00eb t\u00eb investonin k\u00ebtu. Sot po i dhunon, duke u hedhur n\u00eb lum\u00eb mundin e tyre. Ky \u00ebsht\u00eb nj\u00eb akt i past\u00ebr besprerjeje dhe tradhtie ndaj qytetar\u00ebve q\u00eb k\u00ebrkojn\u00eb vet\u00ebm t\u00eb jetojn\u00eb e t\u00eb punojn\u00eb n\u00eb tok\u00ebn e tyre.\u201d<\/em><\/p>\n<p class=\"selectionShareable\" data-start=\"1243\" data-end=\"1464\">Spahia e cil\u00ebsoi k\u00ebt\u00eb aksion si nj\u00eb hakmarrje politike ndaj zonave q\u00eb nuk votuan p\u00ebr mazhoranc\u00ebn, duke e konsideruar munges\u00ebn e titujve t\u00eb pron\u00ebsis\u00eb si nj\u00eb d\u00ebshtim t\u00eb qeveris\u00eb n\u00eb zgjidhjen e problemit t\u00eb legalizimeve.<\/p>\n<p class=\"selectionShareable\" data-start=\"1466\" data-end=\"1639\" data-is-last-node=\"\" data-is-only-node=\"\">Grupi i opozit\u00ebs n\u00eb Shkod\u00ebr dhe z\u00ebrat kritik\u00eb n\u00eb opinion publik kan\u00eb k\u00ebrkuar pezullimin e menj\u00ebhersh\u00ebm t\u00eb operacionit, nd\u00ebrsa tensionet n\u00eb zon\u00eb vijojn\u00eb t\u00eb jen\u00eb t\u00eb larta.<\/p>\n","protected":false},"excerpt":{"rendered":"<p>Ish-kryebashkiaku i Shkodr\u00ebs dhe deputeti i sapozgjedhur nga radh\u00ebt e opozit\u00ebs, Bardh Spahia, ka reaguar ashp\u00ebr nga Thethi, ku po vijon aksioni i IKMT p\u00ebr shembjen e nd\u00ebrtimeve pa leje. Spahia e ka cil\u00ebsuar situat\u00ebn si nj\u00eb akt t\u00eb past\u00ebr terrori shtet\u00ebror dhe ka akuzuar kryeministrin Edi Rama p\u00ebr mashtrim dhe hakmarrje politike ndaj banor\u00ebve &hellip;<\/p>\n","protected":false},"author":3,"featured_media":118894,"comment_status":"closed","ping_status":"closed","sticky":false,"template":"","format":"standard","meta":{"footnotes":""},"categories":[37],"tags":[],"class_list":["post-118893","post","type-post","status-publish","format-standard","has-post-thumbnail","","category-politike"],"_links":{"self":[{"href":"https:\/\/rdnews.al\/index.php\/wp-json\/wp\/v2\/posts\/118893","targetHints":{"allow":["GET"]}}],"collection":[{"href":"https:\/\/rdnews.al\/index.php\/wp-json\/wp\/v2\/posts"}],"about":[{"href":"https:\/\/rdnews.al\/index.php\/wp-json\/wp\/v2\/types\/post"}],"author":[{"embeddable":true,"href":"https:\/\/rdnews.al\/index.php\/wp-json\/wp\/v2\/users\/3"}],"replies":[{"embeddable":true,"href":"https:\/\/rdnews.al\/index.php\/wp-json\/wp\/v2\/comments?post=118893"}],"version-history":[{"count":1,"href":"https:\/\/rdnews.al\/index.php\/wp-json\/wp\/v2\/posts\/118893\/revisions"}],"predecessor-version":[{"id":118895,"href":"https:\/\/rdnews.al\/index.php\/wp-json\/wp\/v2\/posts\/118893\/revisions\/118895"}],"wp:featuredmedia":[{"embeddable":true,"href":"https:\/\/rdnews.al\/index.php\/wp-json\/wp\/v2\/media\/118894"}],"wp:attachment":[{"href":"https:\/\/rdnews.al\/index.php\/wp-json\/wp\/v2\/media?parent=118893"}],"wp:term":[{"taxonomy":"category","embeddable":true,"href":"https:\/\/rdnews.al\/index.php\/wp-json\/wp\/v2\/categories?post=118893"},{"taxonomy":"post_tag","embeddable":true,"href":"https:\/\/rdnews.al\/index.php\/wp-json\/wp\/v2\/tags?post=118893"}],"curies":[{"name":"wp","href":"https:\/\/api.w.org\/{rel}","templated":true}]}}