{"id":118903,"date":"2025-07-12T19:58:24","date_gmt":"2025-07-12T19:58:24","guid":{"rendered":"https:\/\/rdnews.al\/?p=118903"},"modified":"2025-07-12T19:58:24","modified_gmt":"2025-07-12T19:58:24","slug":"drejton-aksionin-e-ikmt-ne-theth-gazetari-fatmir-metaj-i-perfshire-ne-vrasjen-e-azem-hajdarit","status":"publish","type":"post","link":"https:\/\/rdnews.al\/index.php\/2025\/07\/12\/drejton-aksionin-e-ikmt-ne-theth-gazetari-fatmir-metaj-i-perfshire-ne-vrasjen-e-azem-hajdarit\/","title":{"rendered":"Drejton aksionin e IKMT n\u00eb Theth, gazetari: Fatmir Metaj, i p\u00ebrfshir\u00eb n\u00eb vrasjen e Azem Hajdarit"},"content":{"rendered":"<p>Gazetari Basir \u00c7ollaku ka deklaruar se Fatmir Metaj, i cili po drejton aksionin e IKMT-s\u00eb n\u00eb Theth, e q\u00eb \u00ebsht\u00eb b\u00ebr\u00eb i njohur p\u00ebr shkak t\u00eb p\u00ebrplasjes fizike me banor\u00ebt dhe sharjeve e fyerjeve n\u00eb drejtim t\u00eb tyre, pas rastit t\u00eb hedhjes s\u00eb molotovit drejt fadromave, ka qen\u00eb i p\u00ebrfshir\u00eb n\u00eb vrasjen e Azem Hajdarit.<\/p>\n<p>\u00c7ollaku tha se Metaj \u00ebsht\u00eb nj\u00eb person problematik, i d\u00ebnuar m\u00eb par\u00eb edhe me burg. Sipas gazetarit drejtimi i aksionit p\u00ebr prishjen e objekteve t\u00eb nd\u00ebrtuara pa leje prej Metajt \u00ebsht\u00eb nj\u00eb trysni e panevojshme q\u00eb kryeministri Edi Rama po i ushtron banor\u00ebve t\u00eb Thethit.<\/p>\n<p>\u201cAi njeriu i\u2026, drejtori i IKMT-s\u00eb, \u00e7\u2019\u00ebsht\u00eb ky Metaj. \u00c7on nj\u00eb individ, q\u00eb \u00ebsht\u00eb d\u00ebnuar, ka qen\u00eb pjes\u00eb e ekipit t\u00eb vrasjes s\u00eb Azem Hajdarit. Fatmir Metaj, i d\u00ebnuar me nj\u00eb vit dhe 3 vjet mospasje profesione publike. Dhe ti shkon\u2026. E ke par\u00eb gjuh\u00ebn e tij, si flet ai. \u00c7far\u00eb b\u00ebn? S\u00ebrish \u00e7on njeri me probleme, me telashe n\u00eb at\u00eb zon\u00eb, telashe kriminale t\u00eb r\u00ebnda, sepse ajo vrasja e deputetit ishte vrasja e shekullit. Ai ishte pjes\u00eb e atij ekipi. E pat\u00eb fjalorin e tij dhe t\u00eb policis\u00eb. Ku shkon? T\u00eb vrasin me arm\u00eb, t\u00eb vrasin me fjal\u00eb.<\/p>\n<p>\u00c7\u2019\u00ebsht\u00eb kjo trysni, me k\u00eb je duke luftuar? Pse nuk lufton me trafikant\u00ebt e kokain\u00ebs. Ky tani \u00ebsht\u00eb ai q\u00eb shkon p\u00ebr kasollet e drurit atje. Paligjshm\u00ebria duhet nd\u00ebshmuar kushdo q\u00eb e b\u00ebn. Lgji ka nj\u00eb form\u00eb q\u00eb duhet ta bztojm\u00eb t\u00eb gjith\u00eb. \u00c7oja shkres\u00eb, \u00e7oja letr\u00ebn. L\u00ebri afat t\u00eb ankimoj\u00eb, t\u00eb shkoj\u00eb n\u00eb gjykat\u00eb ai. Dhe duhet t\u00eb jet\u00eb gjykata q\u00eb zgjidh mosmarr\u00ebveshjet mes institucionit dhe individit, jo kryeministri me urdh\u00ebr, jo policia me kallash. Zot\u00ebri ke shkelur ligjin, duhet t\u00eb p\u00ebrgjigjesh kushdo qofsh, i majt\u00eb, i djatht\u00eb, i kuq, i zi\u2026 Por ti duhet t\u00eb denoncohes, t\u00eb shkosh n\u00eb gjykat\u00eb dhe gjykata t\u2019i jap\u00eb t\u00eb drejt\u00eb pal\u00ebs, si\u00e7 jan\u00eb provat n\u00eb fund t\u00eb fundit\u2026 Kush e ka shkelur ligjin\u201c, tha \u00c7ollaku n\u00eb A2 CNN.<\/p>\n","protected":false},"excerpt":{"rendered":"<p>Gazetari Basir \u00c7ollaku ka deklaruar se Fatmir Metaj, i cili po drejton aksionin e IKMT-s\u00eb n\u00eb Theth, e q\u00eb \u00ebsht\u00eb b\u00ebr\u00eb i njohur p\u00ebr shkak t\u00eb p\u00ebrplasjes fizike me banor\u00ebt dhe sharjeve e fyerjeve n\u00eb drejtim t\u00eb tyre, pas rastit t\u00eb hedhjes s\u00eb molotovit drejt fadromave, ka qen\u00eb i p\u00ebrfshir\u00eb n\u00eb vrasjen e Azem Hajdarit. &hellip;<\/p>\n","protected":false},"author":4,"featured_media":118823,"comment_status":"closed","ping_status":"closed","sticky":false,"template":"","format":"standard","meta":{"footnotes":""},"categories":[37],"tags":[],"class_list":["post-118903","post","type-post","status-publish","format-standard","has-post-thumbnail","","category-politike"],"_links":{"self":[{"href":"https:\/\/rdnews.al\/index.php\/wp-json\/wp\/v2\/posts\/118903","targetHints":{"allow":["GET"]}}],"collection":[{"href":"https:\/\/rdnews.al\/index.php\/wp-json\/wp\/v2\/posts"}],"about":[{"href":"https:\/\/rdnews.al\/index.php\/wp-json\/wp\/v2\/types\/post"}],"author":[{"embeddable":true,"href":"https:\/\/rdnews.al\/index.php\/wp-json\/wp\/v2\/users\/4"}],"replies":[{"embeddable":true,"href":"https:\/\/rdnews.al\/index.php\/wp-json\/wp\/v2\/comments?post=118903"}],"version-history":[{"count":1,"href":"https:\/\/rdnews.al\/index.php\/wp-json\/wp\/v2\/posts\/118903\/revisions"}],"predecessor-version":[{"id":118904,"href":"https:\/\/rdnews.al\/index.php\/wp-json\/wp\/v2\/posts\/118903\/revisions\/118904"}],"wp:featuredmedia":[{"embeddable":true,"href":"https:\/\/rdnews.al\/index.php\/wp-json\/wp\/v2\/media\/118823"}],"wp:attachment":[{"href":"https:\/\/rdnews.al\/index.php\/wp-json\/wp\/v2\/media?parent=118903"}],"wp:term":[{"taxonomy":"category","embeddable":true,"href":"https:\/\/rdnews.al\/index.php\/wp-json\/wp\/v2\/categories?post=118903"},{"taxonomy":"post_tag","embeddable":true,"href":"https:\/\/rdnews.al\/index.php\/wp-json\/wp\/v2\/tags?post=118903"}],"curies":[{"name":"wp","href":"https:\/\/api.w.org\/{rel}","templated":true}]}}