{"id":118905,"date":"2025-07-13T08:48:53","date_gmt":"2025-07-13T08:48:53","guid":{"rendered":"https:\/\/rdnews.al\/?p=118905"},"modified":"2025-07-13T08:48:53","modified_gmt":"2025-07-13T08:48:53","slug":"malaj-me-ramen-me-ndau-babezia-e-tij-per-pushtet-te-perjetshem","status":"publish","type":"post","link":"https:\/\/rdnews.al\/index.php\/2025\/07\/13\/malaj-me-ramen-me-ndau-babezia-e-tij-per-pushtet-te-perjetshem\/","title":{"rendered":"Malaj: Me Ram\u00ebn m\u00eb ndau bab\u00ebzia e tij p\u00ebr pushtet t\u00eb p\u00ebrjetsh\u00ebm"},"content":{"rendered":"<p>Postimi i Arben Malajt<\/p>\n<p>Para 2005 na bashkonte Sheqerja, shitsja e urte dhe embel e gazetave perpara selise se PS-se.<br \/>\nPas 2013 na ndau babezia.<br \/>\nBabezia e dikujt per pushtet te perjetshem dhe absolut<\/p>\n<p>dhe e imja qe mbeti perhere per dijen, per kohezionin dhe solidaritetin social.<\/p>\n<p>Koha do te mbetet gjykatesi me I mire se kush zgjodhi rrugen me te mire dhe jo vetem per veten.<\/p>\n<p>E bekuar qofte perhere dhe kudo Sheqerja!<br \/>\nA<\/p>\n","protected":false},"excerpt":{"rendered":"<p>Postimi i Arben Malajt Para 2005 na bashkonte Sheqerja, shitsja e urte dhe embel e gazetave perpara selise se PS-se. Pas 2013 na ndau babezia. Babezia e dikujt per pushtet te perjetshem dhe absolut dhe e imja qe mbeti perhere per dijen, per kohezionin dhe solidaritetin social. Koha do te mbetet gjykatesi me I mire &hellip;<\/p>\n","protected":false},"author":3,"featured_media":118906,"comment_status":"closed","ping_status":"closed","sticky":false,"template":"","format":"standard","meta":{"footnotes":""},"categories":[37],"tags":[],"class_list":["post-118905","post","type-post","status-publish","format-standard","has-post-thumbnail","","category-politike"],"_links":{"self":[{"href":"https:\/\/rdnews.al\/index.php\/wp-json\/wp\/v2\/posts\/118905","targetHints":{"allow":["GET"]}}],"collection":[{"href":"https:\/\/rdnews.al\/index.php\/wp-json\/wp\/v2\/posts"}],"about":[{"href":"https:\/\/rdnews.al\/index.php\/wp-json\/wp\/v2\/types\/post"}],"author":[{"embeddable":true,"href":"https:\/\/rdnews.al\/index.php\/wp-json\/wp\/v2\/users\/3"}],"replies":[{"embeddable":true,"href":"https:\/\/rdnews.al\/index.php\/wp-json\/wp\/v2\/comments?post=118905"}],"version-history":[{"count":1,"href":"https:\/\/rdnews.al\/index.php\/wp-json\/wp\/v2\/posts\/118905\/revisions"}],"predecessor-version":[{"id":118907,"href":"https:\/\/rdnews.al\/index.php\/wp-json\/wp\/v2\/posts\/118905\/revisions\/118907"}],"wp:featuredmedia":[{"embeddable":true,"href":"https:\/\/rdnews.al\/index.php\/wp-json\/wp\/v2\/media\/118906"}],"wp:attachment":[{"href":"https:\/\/rdnews.al\/index.php\/wp-json\/wp\/v2\/media?parent=118905"}],"wp:term":[{"taxonomy":"category","embeddable":true,"href":"https:\/\/rdnews.al\/index.php\/wp-json\/wp\/v2\/categories?post=118905"},{"taxonomy":"post_tag","embeddable":true,"href":"https:\/\/rdnews.al\/index.php\/wp-json\/wp\/v2\/tags?post=118905"}],"curies":[{"name":"wp","href":"https:\/\/api.w.org\/{rel}","templated":true}]}}