{"id":118923,"date":"2025-07-14T09:02:04","date_gmt":"2025-07-14T09:02:04","guid":{"rendered":"https:\/\/rdnews.al\/?p=118923"},"modified":"2025-07-14T09:02:04","modified_gmt":"2025-07-14T09:02:04","slug":"deputetja-thethi-si-zone-lufte-banoret-dhe-turistet-pre-e-reprezaljeve-te-ikmt-dhe-policise","status":"publish","type":"post","link":"https:\/\/rdnews.al\/index.php\/2025\/07\/14\/deputetja-thethi-si-zone-lufte-banoret-dhe-turistet-pre-e-reprezaljeve-te-ikmt-dhe-policise\/","title":{"rendered":"Deputetja: Thethi si zon\u00eb lufte, banor\u00ebt dhe turist\u00ebt pre e reprezaljeve t\u00eb IKMT dhe Policis\u00eb!"},"content":{"rendered":"<p>Deputetja e zgjedhur e Partis\u00eb Demokratike, Greta Bardeli, ka folur rreth situat\u00ebs s\u00eb krijuar dit\u00ebt e fundit n\u00eb n\u00eb Theth, duke e p\u00ebrshkruar at\u00eb si nj\u00eb \u201czon\u00eb lufte\u201d p\u00ebr shkak t\u00eb nd\u00ebrhyrjeve t\u00eb ashpra t\u00eb Policis\u00eb s\u00eb Shtetit dhe IKMT-s\u00eb.<\/p>\n<p>N\u00eb nj\u00eb intervist\u00eb p\u00ebr Syri Tv, Bardeli tha se p\u00ebrve\u00e7 shkat\u00ebrrimit t\u00eb sht\u00ebpive dhe bujtinave, komuniteti lokal po p\u00ebrballet me reprezalje t\u00eb paprecedenta, q\u00eb po ndikojn\u00eb keq jo vet\u00ebm n\u00eb jet\u00ebn e banor\u00ebve, por edhe n\u00eb turizmin e zon\u00ebs, i cili po shkretohet nga largimet dhe anulimet n\u00eb mas\u00eb t\u00eb turist\u00ebve. Bardeli thekson nevoj\u00ebn p\u00ebr dialog t\u00eb hapur mes institucioneve dhe komunitetit p\u00ebr t\u00eb gjetur zgjidhje urgjente.<\/p>\n<p><strong>Greta Bardeli:\u00a0<\/strong>Thethi \u00ebsht\u00eb si nj\u00eb zon\u00eb lufte. K\u00ebtu, Policia e Shtetit, IKMT, po b\u00ebn reprezalje, po shemb \u00e7do gj\u00eb, \u00e7do\u00a0 sht\u00ebpi, \u00e7do bujtin\u00eb. Po merret me komunitetin e k\u00ebsaj zone.<\/p>\n<p>Un\u00eb isha k\u00ebtu dhe isha e pranishme n\u00eb nj\u00eb takim t\u00eb banor\u00ebve bashk\u00eb me \u2018fratin\u2019 e zon\u00ebs, t\u00eb cil\u00ebt diskutuan dhe jan\u00eb vet\u00ebm p\u00ebr dialog dhe k\u00ebrkojn\u00eb q\u00eb institucionet qendrore dhe komuniteti i Thethit t\u00eb jet\u00eb i pranish\u00ebm bashkarisht n\u00eb nj\u00eb tryez\u00eb t\u00eb p\u00ebrbashk\u00ebt dhe t\u00eb komunikojn\u00eb.<\/p>\n<p>K\u00ebta njer\u00ebz duan zgjidhje urgjente. Duan t\u00eb komunikojn\u00eb me institucionet e shtetit dhe t\u00eb ndalet gjith\u00eb kjo reprezale q\u00eb po b\u00ebhet k\u00ebtu n\u00eb Theth. \u00cbsht\u00eb nj\u00eb gjendje e trishtueshme, p\u00ebrve\u00e7 banor\u00ebve t\u00eb cil\u00ebt jan\u00eb t\u00eb m\u00ebrzitur p\u00ebr at\u00eb q\u00eb po iu ndodh, por edhe turist\u00ebt t\u00eb pakt\u00eb tashm\u00eb q\u00eb kan\u00eb mbetur n\u00eb k\u00ebt\u00eb zon\u00eb, jan\u00eb d\u00ebshmitar\u00ebt e k\u00ebsaj reprezalje q\u00eb po ndodh sot n\u00eb Theth.<\/p>\n<p>Po e d\u00ebmton shum\u00eb turizmin. Q\u00eb nga dita e par\u00eb q\u00eb ka nisur, \u00e7do dit\u00eb e m\u00eb tep\u00ebr largohen turist\u00ebt dhe jan\u00eb b\u00ebr\u00eb gjith\u00eb ato anulime. Kam kontaktuar me bujtina t\u00eb ndryshme dhe kan\u00eb th\u00ebn\u00eb q\u00eb shum\u00eb turist\u00eb kan\u00eb anuluar prenotimet e tyre. Tashm\u00eb kjo zon\u00eb po shkretohet, po abondonohet nga turist\u00ebt.<\/p>\n<p>Pak m\u00eb par\u00eb m\u00eb tha nj\u00eb zot\u00ebri: K\u00ebtu i ka hyr\u00eb trishtimi edhe zogjve t\u00eb malit, jo m\u00eb turist\u00ebve dhe banor\u00ebve t\u00eb zon\u00ebs dhe shum\u00eb e drejt\u00eb kjo&#8230;<\/p>\n","protected":false},"excerpt":{"rendered":"<p>Deputetja e zgjedhur e Partis\u00eb Demokratike, Greta Bardeli, ka folur rreth situat\u00ebs s\u00eb krijuar dit\u00ebt e fundit n\u00eb n\u00eb Theth, duke e p\u00ebrshkruar at\u00eb si nj\u00eb \u201czon\u00eb lufte\u201d p\u00ebr shkak t\u00eb nd\u00ebrhyrjeve t\u00eb ashpra t\u00eb Policis\u00eb s\u00eb Shtetit dhe IKMT-s\u00eb. N\u00eb nj\u00eb intervist\u00eb p\u00ebr Syri Tv, Bardeli tha se p\u00ebrve\u00e7 shkat\u00ebrrimit t\u00eb sht\u00ebpive dhe bujtinave, &hellip;<\/p>\n","protected":false},"author":4,"featured_media":118688,"comment_status":"closed","ping_status":"closed","sticky":false,"template":"","format":"standard","meta":{"footnotes":""},"categories":[37],"tags":[],"class_list":["post-118923","post","type-post","status-publish","format-standard","has-post-thumbnail","","category-politike"],"_links":{"self":[{"href":"https:\/\/rdnews.al\/index.php\/wp-json\/wp\/v2\/posts\/118923","targetHints":{"allow":["GET"]}}],"collection":[{"href":"https:\/\/rdnews.al\/index.php\/wp-json\/wp\/v2\/posts"}],"about":[{"href":"https:\/\/rdnews.al\/index.php\/wp-json\/wp\/v2\/types\/post"}],"author":[{"embeddable":true,"href":"https:\/\/rdnews.al\/index.php\/wp-json\/wp\/v2\/users\/4"}],"replies":[{"embeddable":true,"href":"https:\/\/rdnews.al\/index.php\/wp-json\/wp\/v2\/comments?post=118923"}],"version-history":[{"count":1,"href":"https:\/\/rdnews.al\/index.php\/wp-json\/wp\/v2\/posts\/118923\/revisions"}],"predecessor-version":[{"id":118924,"href":"https:\/\/rdnews.al\/index.php\/wp-json\/wp\/v2\/posts\/118923\/revisions\/118924"}],"wp:featuredmedia":[{"embeddable":true,"href":"https:\/\/rdnews.al\/index.php\/wp-json\/wp\/v2\/media\/118688"}],"wp:attachment":[{"href":"https:\/\/rdnews.al\/index.php\/wp-json\/wp\/v2\/media?parent=118923"}],"wp:term":[{"taxonomy":"category","embeddable":true,"href":"https:\/\/rdnews.al\/index.php\/wp-json\/wp\/v2\/categories?post=118923"},{"taxonomy":"post_tag","embeddable":true,"href":"https:\/\/rdnews.al\/index.php\/wp-json\/wp\/v2\/tags?post=118923"}],"curies":[{"name":"wp","href":"https:\/\/api.w.org\/{rel}","templated":true}]}}