{"id":118925,"date":"2025-07-14T09:16:32","date_gmt":"2025-07-14T09:16:32","guid":{"rendered":"https:\/\/rdnews.al\/?p=118925"},"modified":"2025-07-14T09:16:32","modified_gmt":"2025-07-14T09:16:32","slug":"terrori-ne-theth-shkreli-rama-po-vepron-si-komunistet-po-rremben-tokat-per-te-ndertuar-resorte-per-oligarket","status":"publish","type":"post","link":"https:\/\/rdnews.al\/index.php\/2025\/07\/14\/terrori-ne-theth-shkreli-rama-po-vepron-si-komunistet-po-rremben-tokat-per-te-ndertuar-resorte-per-oligarket\/","title":{"rendered":"Terrori n\u00eb Theth\/ Shkreli: Rama po vepron si komunist\u00ebt, po rr\u00ebmben tokat p\u00ebr t\u00eb nd\u00ebrtuar resorte p\u00ebr oligark\u00ebt!"},"content":{"rendered":"<p>Kryetarja e PD, Shkod\u00ebr, nj\u00ebkoh\u00ebsisht an\u00ebtare e K\u00ebshillit Bashkiak, Eliona Kodra Shkreli deklaroi nga Thethi se, aksioni i IKMT-s\u00eb \u00ebsht\u00eb nj\u00eb \u00e7menduri e kryeministrit Edi Rama, p\u00ebr t\u00eb nd\u00ebrhyr\u00eb edhe n\u00eb pun\u00ebt e pushtetit vendor.<\/p>\n<p>Shkreli tha se, aksioni i \u00e7menduris\u00eb s\u00eb kryeministrit vjen n\u00eb kulmin e sezonit turistik dhe tregon pap\u00ebrgjegjshm\u00ebrin\u00eb e Ram\u00ebs, pas s\u00eb cilit fshihet interesi klientelist dhe personal p\u00ebr t\u00eb grabitur tokat e banor\u00ebve t\u00eb Thethit.<\/p>\n<p>Nj\u00eb akt i till\u00eb, sipas Shkrelit, ka ndodhur edhe nga komunist\u00ebt, por k\u00ebt\u00eb radh\u00eb Rama po shemb banesat n\u00eb Theth p\u00ebr t\u2019ua kaluar oligark\u00ebve, n\u00eb m\u00ebnyr\u00eb q\u00eb t\u00eb nd\u00ebrtojn\u00eb resorte.<\/p>\n<p>\u201cGjith\u00e7ka ka nisur nga kryeministri p\u00ebr t\u00eb nd\u00ebrhyr\u00eb edhe n\u00eb rolin e kryebashkiakut. \u00c7menduri q\u00eb i lindi n\u00eb mendje kryeministrit dhe q\u00eb u p\u00ebrqendrua n\u00eb k\u00ebt\u00eb aksion \u00e7mendurie n\u00eb Theth. N\u00eb kulim e sezonit turistik. Pas k\u00ebsaj q\u00eb ne e quajm\u00eb \u00a0\u00e7menduri, dhe akt i pap\u00ebrgjegjsh\u00ebm i nj\u00eb kryeministri, fshihet interesi personal e klientelist p\u00ebr t\u00eb grabitur tokat e banor\u00ebve si\u00e7 kan\u00eb b\u00ebr\u00eb komunist\u00ebt p\u00ebr t\u2019ua kaluar oligark\u00ebve e p\u00ebr t\u00eb nd\u00ebrtuar resorte.<\/p>\n<p>Banor\u00ebt e shqiptar\u00ebt jan\u00eb t\u00eb bindur se duke par\u00eb k\u00ebt\u00eb kryeminist\u00ebr n\u00eb 12 vite q\u00eb s\u2019ka par\u00eb interesin e qytetar\u00eb ka shitur tok\u00ebn e shqiptar\u00ebve p\u00ebr oligark\u00ebt e klient\u00ebt e tij. Nuk fshihen q\u00ebllime t\u00eb mira, por fshihen q\u00ebllime q\u00eb kryeministri i ka treguar nd\u00ebr vite. Q\u00eb ia ka shitur oligark\u00ebve e klient\u00ebve t\u00eb tij, aksion i befasish\u00ebm.<\/p>\n<p>Jan\u00eb 200 nd\u00ebrtime q\u00eb duhet t\u00eb prishen n\u00eb Theth. S\u2019\u00ebsht\u00eb filluar me plan t\u00eb qart\u00eb, nga 40 objekte q\u00eb ishin parashikuar. Ligji parashikon q\u00eb banor\u00ebt duhet t\u00eb njoftohen 5 dit\u00eb m\u00eb par\u00eb. \u00cbsht\u00eb b\u00ebr\u00eb n\u00eb paligjshm\u00ebri totale p\u00ebr q\u00ebllime personale t\u00eb kryeministrit\u201d, tha Shkreli.<\/p>\n","protected":false},"excerpt":{"rendered":"<p>Kryetarja e PD, Shkod\u00ebr, nj\u00ebkoh\u00ebsisht an\u00ebtare e K\u00ebshillit Bashkiak, Eliona Kodra Shkreli deklaroi nga Thethi se, aksioni i IKMT-s\u00eb \u00ebsht\u00eb nj\u00eb \u00e7menduri e kryeministrit Edi Rama, p\u00ebr t\u00eb nd\u00ebrhyr\u00eb edhe n\u00eb pun\u00ebt e pushtetit vendor. Shkreli tha se, aksioni i \u00e7menduris\u00eb s\u00eb kryeministrit vjen n\u00eb kulmin e sezonit turistik dhe tregon pap\u00ebrgjegjshm\u00ebrin\u00eb e Ram\u00ebs, pas &hellip;<\/p>\n","protected":false},"author":4,"featured_media":118926,"comment_status":"closed","ping_status":"closed","sticky":false,"template":"","format":"standard","meta":{"footnotes":""},"categories":[37],"tags":[],"class_list":["post-118925","post","type-post","status-publish","format-standard","has-post-thumbnail","","category-politike"],"_links":{"self":[{"href":"https:\/\/rdnews.al\/index.php\/wp-json\/wp\/v2\/posts\/118925","targetHints":{"allow":["GET"]}}],"collection":[{"href":"https:\/\/rdnews.al\/index.php\/wp-json\/wp\/v2\/posts"}],"about":[{"href":"https:\/\/rdnews.al\/index.php\/wp-json\/wp\/v2\/types\/post"}],"author":[{"embeddable":true,"href":"https:\/\/rdnews.al\/index.php\/wp-json\/wp\/v2\/users\/4"}],"replies":[{"embeddable":true,"href":"https:\/\/rdnews.al\/index.php\/wp-json\/wp\/v2\/comments?post=118925"}],"version-history":[{"count":1,"href":"https:\/\/rdnews.al\/index.php\/wp-json\/wp\/v2\/posts\/118925\/revisions"}],"predecessor-version":[{"id":118927,"href":"https:\/\/rdnews.al\/index.php\/wp-json\/wp\/v2\/posts\/118925\/revisions\/118927"}],"wp:featuredmedia":[{"embeddable":true,"href":"https:\/\/rdnews.al\/index.php\/wp-json\/wp\/v2\/media\/118926"}],"wp:attachment":[{"href":"https:\/\/rdnews.al\/index.php\/wp-json\/wp\/v2\/media?parent=118925"}],"wp:term":[{"taxonomy":"category","embeddable":true,"href":"https:\/\/rdnews.al\/index.php\/wp-json\/wp\/v2\/categories?post=118925"},{"taxonomy":"post_tag","embeddable":true,"href":"https:\/\/rdnews.al\/index.php\/wp-json\/wp\/v2\/tags?post=118925"}],"curies":[{"name":"wp","href":"https:\/\/api.w.org\/{rel}","templated":true}]}}