{"id":118937,"date":"2025-07-14T09:51:34","date_gmt":"2025-07-14T09:51:34","guid":{"rendered":"https:\/\/rdnews.al\/?p=118937"},"modified":"2025-07-14T09:51:34","modified_gmt":"2025-07-14T09:51:34","slug":"te-zgjedhurit-vendore-leter-institucioneve-europiane-nderhyni-per-ti-thene-ndal-uzurpimit-te-edi-rames-te-te-gjitha-pushteteve","status":"publish","type":"post","link":"https:\/\/rdnews.al\/index.php\/2025\/07\/14\/te-zgjedhurit-vendore-leter-institucioneve-europiane-nderhyni-per-ti-thene-ndal-uzurpimit-te-edi-rames-te-te-gjitha-pushteteve\/","title":{"rendered":"T\u00eb Zgjedhurit Vendor\u00eb let\u00ebr institucioneve europiane: Nd\u00ebrhyni p\u00ebr t\u2019i th\u00ebn\u00eb ndal uzurpimit t\u00eb Edi Ram\u00ebs t\u00eb t\u00eb gjitha pushteteve!"},"content":{"rendered":"<div id=\"rekl-49\">Shoqata e t\u00eb Zgjedhurve Vendor\u00eb t\u00eb Shqip\u00ebris\u00eb, ka reaguar ashp\u00ebr ndaj kryeministrit Edi Rama, lidhur me uzurpimin e t\u00eb gjitha pushteteve.<\/div>\n<div class=\"readmore-text-here\">\n<p>P\u00ebrmes nj\u00eb letre drejtuar institucioneve evropiane, Shoqata e t\u00eb Zgjedhurve Vendor\u00eb t\u00eb Shqip\u00ebris\u00eb thekson se, p\u00ebrkund\u00ebr p\u00ebrshkall\u00ebzimit t\u00eb presionit, shantazheve dhe thirrjeve antikushtetuese e kund\u00ebr Kart\u00ebs europiane t\u00eb autonomis\u00eb lokale t\u00eb Kryeministrit Rama ndaj bashkive t\u00eb Shqip\u00ebris\u00eb, bashkiak\u00ebt demokrat\u00eb argumentojn\u00eb me fakte e shembuj konkret se veprimet dhe praktikat ligjore t\u00eb Kryeminstrit po bien ndesh me Ligjet e vendit, Kushtetut\u00ebn, por edhe me Kart\u00ebn Evropiane t\u00eb Autonomis\u00eb Vendore, e cila duhet t\u00eb ishte destinacioni v\u00ebrtet i aspirat\u00ebs s\u00eb vendor\u00ebve shqiptar\u00eb.<\/p>\n<p><strong>Reagimi<\/strong><\/p>\n<p>Raporti urgjent i t\u00eb Zgjedhurve Vendor\u00eb p\u00ebr Institucionet e Demokracis\u00eb Evropiane paraqet reagimin e tyre institucional p\u00ebrkundrejt p\u00ebrshkall\u00ebzimit t\u00eb presionit, shantazheve dhe thirrjeve antikushtetuese e kund\u00ebr Kart\u00ebs europiane t\u00eb autonomis\u00eb lokale t\u00eb Kryeministrit Rama ndaj bashkive t\u00eb Shqip\u00ebris\u00eb!<\/p>\n<p>T\u00eb indinjuar nga sjellja despotike, mungesa e kultur\u00ebs shtet\u00ebrore devijimi decentralizimit dhe arroganca e pajustifikuar, t\u00eb zgjedhurit vendor\u00eb demokrat i jan\u00eb drejtuar Kongresit t\u00eb Autoriteteve Vendor\u00eb t\u00eb K\u00ebshillit t\u00eb Evrop\u00ebs p\u00ebr t\u00eb demaskuar autokracin\u00eb dhe uzurpimin e gjith\u00eb pushteteve nga Edi Rama!<\/p>\n<p>Me nj\u00eb analiz\u00eb profesioniste, realiste dhe t\u00eb kulturuar ata i shpjegojn\u00eb institucioneve zyrtare t\u00eb KE, se politika dhe flamuri pseudoeuropian i zgjedhjeve t\u00eb 11 Majit ishte mashtrimi radh\u00ebs i Edi Ram\u00ebs edhe n\u00eb qeverisjen lokale!<\/p>\n<p>N\u00eb k\u00ebt\u00eb raport bashkiak\u00ebt demokrat argumentojn\u00eb me fakte e shembuj konkret se veprimet dhe praktikat ligjore t\u00eb Kryeminstrit po bien ndesh me Ligjet e vendit, Kushtetut\u00ebn, por edhe me Kart\u00ebn Evropiane t\u00eb Autonomis\u00eb Vendore, e cila duhet t\u00eb ishte destinacioni v\u00ebrtet i aspirat\u00ebs s\u00eb vendor\u00ebve shqiptar\u00eb!<\/p>\n<p>N\u00eb k\u00ebto dit\u00eb t\u00eb nxehta Kryeministri Rama po spekulon me hallet dhe v\u00ebmendjen e qytetar\u00ebve shqiptar\u00eb!<\/p>\n<p>I paaft\u00eb tu jap\u00eb zgjidhje proplemeve t\u00eb shkaktuara prej atij vet\u00eb,\u00a0 ai po paraqet si p\u00ebrgjegj\u00ebs t\u00eb situat\u00ebs s\u00eb mjer\u00eb pushtetar\u00ebt vendor\u00eb! ( numrin e t\u00eb cil\u00ebve p\u00ebr nevoj\u00eb elektorale vet\u00eb e ka dyfishuar dhe kompetencat e burimet financiare ja ka zeruar)<\/p>\n<p>Tashm\u00eb t\u00eb gjith\u00eb e din\u00eb se qeveria shqiptare ka d\u00ebshtuar n\u00eb tre sh\u00ebrbimet kryesore publike ndaj qytetar\u00ebve t\u00eb vet dhe k\u00ebrkesave t\u00eb koh\u00ebs:<\/p>\n<p>&#8211; N\u00eb sh\u00ebrbimin e uj\u00ebsjell\u00ebs-kanalizimeve!<\/p>\n<p>&#8211; N\u00eb mbledhjen dhe p\u00ebrpunimin e mbeturinave dhe mbetjeve urbane.<\/p>\n<p>&#8211; N\u00eb trajtimin dhe p\u00ebrpunimin teknologjik t\u00eb uj\u00ebrave t\u00eb zeza dhe atyre t\u00eb ndotur!<\/p>\n<p>Tre kompetenca k\u00ebto q\u00eb Kryeministri ja ka rr\u00ebmbyer pushtetit vendor!<\/p>\n<p>\u00c7do ultimatum, nd\u00ebrhyrje arbitrare dhe shkelje e mandatit\u00a0 t\u00eb t\u00eb zgjedhurve vendor\u00eb apo kompetencave t\u00eb bashkive \u00ebsht\u00eb sinjal i kriz\u00ebs dhe d\u00ebshtimit t\u00eb qeveris\u00eb s\u00eb tij!<\/p>\n<p>I pa aft\u00eb t\u00eb kryej\u00eb detyrat e veta q\u00eb i cakton legjislacioni shqiptar, ai ka koh\u00eb q\u00eb po rr\u00ebmben kompetencat, asetet dhe p\u00ebgjegj\u00ebsit\u00eb e qeveris\u00eb vendore!<\/p>\n<p>Nd\u00ebrkoh\u00eb i pamundur t\u00eb jap\u00eb zgjidhje p\u00ebr situatat katastrofale n\u00eb sh\u00ebrbimin publike ndaj qytetar\u00ebve, ai k\u00ebrkon t\u00eb hedh\u00eb n\u00eb det t\u00eb zgjedhurit vendor\u00eb nga varka e halleve t\u00eb tij q\u00eb po i mbytet!<\/p>\n<p>Raporti urgjent i t\u00eb zgjedhurve vendor\u00eb p\u00ebr autoritetet europian\u00eb k\u00ebrkon nd\u00ebrhyrjen e tyre t\u00eb menj\u00ebhershme p\u00ebr ti th\u00ebn\u00eb ndal uzurpimit t\u00eb kompetencave\u00a0 t\u00eb tyre prej Edi Ram\u00ebs, si dhe rikthimin e demokracis\u00eb vendore, decentralizimit dhe vet\u00ebqeverisjes lokale n\u00eb Shqip\u00ebri!<\/p>\n<p><img loading=\"lazy\" decoding=\"async\" class=\"alignnone  wp-image-118938\" src=\"https:\/\/rdnews.al\/wp-content\/uploads\/2025\/07\/doc-222x300.jpg\" alt=\"\" width=\"241\" height=\"326\" srcset=\"https:\/\/rdnews.al\/wp-content\/uploads\/2025\/07\/doc-222x300.jpg 222w, https:\/\/rdnews.al\/wp-content\/uploads\/2025\/07\/doc.jpg 473w\" sizes=\"auto, (max-width: 241px) 100vw, 241px\" \/><\/p>\n<\/div>\n","protected":false},"excerpt":{"rendered":"<p>Shoqata e t\u00eb Zgjedhurve Vendor\u00eb t\u00eb Shqip\u00ebris\u00eb, ka reaguar ashp\u00ebr ndaj kryeministrit Edi Rama, lidhur me uzurpimin e t\u00eb gjitha pushteteve. P\u00ebrmes nj\u00eb letre drejtuar institucioneve evropiane, Shoqata e t\u00eb Zgjedhurve Vendor\u00eb t\u00eb Shqip\u00ebris\u00eb thekson se, p\u00ebrkund\u00ebr p\u00ebrshkall\u00ebzimit t\u00eb presionit, shantazheve dhe thirrjeve antikushtetuese e kund\u00ebr Kart\u00ebs europiane t\u00eb autonomis\u00eb lokale t\u00eb Kryeministrit Rama ndaj &hellip;<\/p>\n","protected":false},"author":4,"featured_media":118311,"comment_status":"closed","ping_status":"closed","sticky":false,"template":"","format":"standard","meta":{"footnotes":""},"categories":[37],"tags":[],"class_list":["post-118937","post","type-post","status-publish","format-standard","has-post-thumbnail","","category-politike"],"_links":{"self":[{"href":"https:\/\/rdnews.al\/index.php\/wp-json\/wp\/v2\/posts\/118937","targetHints":{"allow":["GET"]}}],"collection":[{"href":"https:\/\/rdnews.al\/index.php\/wp-json\/wp\/v2\/posts"}],"about":[{"href":"https:\/\/rdnews.al\/index.php\/wp-json\/wp\/v2\/types\/post"}],"author":[{"embeddable":true,"href":"https:\/\/rdnews.al\/index.php\/wp-json\/wp\/v2\/users\/4"}],"replies":[{"embeddable":true,"href":"https:\/\/rdnews.al\/index.php\/wp-json\/wp\/v2\/comments?post=118937"}],"version-history":[{"count":1,"href":"https:\/\/rdnews.al\/index.php\/wp-json\/wp\/v2\/posts\/118937\/revisions"}],"predecessor-version":[{"id":118939,"href":"https:\/\/rdnews.al\/index.php\/wp-json\/wp\/v2\/posts\/118937\/revisions\/118939"}],"wp:featuredmedia":[{"embeddable":true,"href":"https:\/\/rdnews.al\/index.php\/wp-json\/wp\/v2\/media\/118311"}],"wp:attachment":[{"href":"https:\/\/rdnews.al\/index.php\/wp-json\/wp\/v2\/media?parent=118937"}],"wp:term":[{"taxonomy":"category","embeddable":true,"href":"https:\/\/rdnews.al\/index.php\/wp-json\/wp\/v2\/categories?post=118937"},{"taxonomy":"post_tag","embeddable":true,"href":"https:\/\/rdnews.al\/index.php\/wp-json\/wp\/v2\/tags?post=118937"}],"curies":[{"name":"wp","href":"https:\/\/api.w.org\/{rel}","templated":true}]}}