{"id":118944,"date":"2025-07-14T11:00:59","date_gmt":"2025-07-14T11:00:59","guid":{"rendered":"https:\/\/rdnews.al\/?p=118944"},"modified":"2025-07-14T11:00:59","modified_gmt":"2025-07-14T11:00:59","slug":"berisha-denon-krimin-shteteror-ndaj-banoreve-te-thethit-kerkoj-nderprerjen-e-ketij-terrori-dhe-demshperblimin-e-te-gjitha-banesave-te-prishura","status":"publish","type":"post","link":"https:\/\/rdnews.al\/index.php\/2025\/07\/14\/berisha-denon-krimin-shteteror-ndaj-banoreve-te-thethit-kerkoj-nderprerjen-e-ketij-terrori-dhe-demshperblimin-e-te-gjitha-banesave-te-prishura\/","title":{"rendered":"Berisha d\u00ebnon krimin shtet\u00ebror ndaj banor\u00ebve t\u00eb Thethit: K\u00ebrkoj nd\u00ebrprerjen e k\u00ebtij terrori dhe d\u00ebmshp\u00ebrblimin e t\u00eb gjitha banesave t\u00eb prishura!"},"content":{"rendered":"<p>Lideri i opozit\u00ebs, Sali Berisha ka d\u00ebnuar me ashp\u00ebrsin\u00eb m\u00eb t\u00eb madhe, krimin shtet\u00ebror, si\u00e7 e cil\u00ebsoi ai, aksionin e Policis\u00eb dhe IKMT-s\u00eb ndaj banor\u00ebve t\u00eb Thethit, duke k\u00ebrkuar nd\u00ebrprerjen e menj\u00ebhershme t\u00eb k\u00ebtij terrori.<\/p>\n<p>N\u00eb konferenc\u00ebn e fillim jav\u00ebs nga selia blu, Berisha tha se lidhur me akisioni, banor\u00ebt duhet t\u00eb d\u00ebmshp\u00ebrblehen p\u00ebr t\u00eb gjitha nd\u00ebrtesat e prishura, duke shtuar se sjellja e Ram\u00ebs ndaj banor\u00ebve, \u00ebsht\u00eb e nj\u00ebjt\u00eb me ato\u00a0 t\u00eb malazez\u00ebve, turqve, serb\u00ebve dhe Mehmet Shehut.<\/p>\n<p>\u201cTerrori shtet\u00ebror, dhuna dhe shkat\u00ebrrimi i ekonomive t\u00eb banor\u00ebve t\u00eb Thethit \u00ebsht\u00eb nj\u00eb nga aktet m\u00eb t\u00eb r\u00ebnda, m\u00eb t\u00eb paprecedent\u00eb n\u00eb historin\u00eb e nj\u00eb vendi.<\/p>\n<p>Edi Rama \u00ebsht\u00eb sjell\u00eb me Thethin nj\u00eblloj si malazez\u00ebt, turqit, serb\u00ebt, Mehmet Shehu.<\/p>\n<p>\u00cbsht\u00eb sjell\u00eb me Thethin dhe dukagjinasit si nj\u00eb pushtues i eg\u00ebr.<\/p>\n<p>Armiq\u00ebsia e Edi Ram\u00ebs ndaj banor\u00ebve t\u00eb Thethit tejkalon t\u00eb gjitha armiq\u00ebsit\u00eb e njohura gjer sot ndaj tyre.<\/p>\n<p>Edi Rama p\u00ebrdori praktikat m\u00eb t\u00eb ul\u00ebta morale, pafytyr\u00ebsin\u00eb dhe pabesin\u00eb m\u00eb t\u00eb madhe p\u00ebr t\u00eb realizuar nj\u00eb projekt shkat\u00ebrrimtar p\u00ebr banor\u00ebt, nj\u00eb projekt mafioz, nj\u00eb projekt antishqiptar, nj\u00eb projekt hakmarr\u00ebs, primitiv.<\/p>\n<p>Shqiptar\u00ebt duhet ta din\u00eb se n\u00eb Theth absolutisht nuk ekziston absolutisht asnj\u00eb p\u00ebll\u00ebmb\u00eb tok\u00eb e xanun, jo n\u00eb Theth, po as n\u00eb veri askund sepse tok\u00ebn ata e kan\u00eb trash\u00ebgimi shekullore t\u00eb paraardh\u00ebsve t\u00eb tyre dhe nuk kan\u00eb marr\u00eb kurr\u00eb asnj\u00eb p\u00ebll\u00ebmb\u00eb tok\u00eb t\u00eb tjet\u00ebrkujt apo tok\u00eb t\u00eb askujt. Ka edhe toka t\u00eb askujt, mera quhen, toka publike.<\/p>\n<p>Pra, kreu nj\u00eb aksion urrejtje t\u00eb pap\u00ebrmbajtur ndaj njer\u00ebzve q\u00eb kishin shfryt\u00ebzuar pron\u00ebn e vet p\u00ebr t\u00eb nd\u00ebrtuar pasi i kishte autorizuar, pasi ai dhe kreu i Bashkis\u00eb s\u00eb Shkodr\u00ebs, n\u00eb nj\u00eb seri deklaratash i kishin garantuar se do legalizoheshin dhe do marrin lejet e legalizimit.<\/p>\n<p>Pasi u kishte k\u00ebrkuar q\u00eb t\u00eb ftojn\u00eb njer\u00ebzit e tyre n\u00eb emigracion t\u00eb vijn\u00eb dhe t\u00eb investojn\u00eb n\u00eb Theth, Edi Rama u soll ndaj Thethit si nj\u00eb shkat\u00ebrrimtar.<\/p>\n<p>E thash\u00eb edhe nj\u00ebher\u00eb, shfryt\u00ebzoi pabesin\u00eb, mashtrimin dhe ka d\u00ebmtuar m\u00eb shum\u00eb se \u00e7do pushtues tjet\u00ebr at\u00eb zon\u00eb.<\/p>\n<p>Armik i shpallur i veriut. N\u00eb 12 vite t\u00eb qeverisjes s\u00eb tij, n\u00eb qarqet e veriut po t\u00eb heqim Rrug\u00ebn e Arbrit, e p\u00ebrfunduar m\u00eb shum\u00eb se gjysma gjat\u00eb qeverisjes son\u00eb, por n\u00eb fakt investimet jan\u00eb t\u00eb barabarta me ato t\u00eb nj\u00eb rrethi t\u00eb vet\u00ebm t\u00eb kategoris\u00eb s\u00eb tret\u00eb n\u00eb zonat e tjera t\u00eb vendit.<\/p>\n<p>Shikoni \u00e7\u2019ndodh me autostrad\u00ebn Lezh\u00eb-Shkod\u00ebr, autostrad\u00eb e vdekjes. \u00c7do tre dit\u00eb aty ndodhin aksident pas aksidenti.<\/p>\n<p>Ajo \u00ebsht\u00eb rruga, pas Rrug\u00ebs s\u00eb Kombit, rruga me trafikun m\u00eb intensiv n\u00eb vend. Dhe investohet kudo tjet\u00ebr, por jo n\u00eb at\u00eb rrug\u00eb, sepse ky e urren veriun, e urren Shkodr\u00ebn, e urren zon\u00ebn dhe ka dy vjet q\u00eb inauguron dhe \u00e7inauguron 10 kilometra rrug\u00eb me projekt t\u00eb b\u00ebr\u00eb nga ne, jo nga Sh\u00ebngjini n\u00eb Velipoj\u00eb, por thjesht nga Sh\u00ebngjini n\u00eb Rrjoll.<\/p>\n<p>Kjo n\u00eb nj\u00eb koh\u00eb kur t\u00eb vish nga Shkodra n\u00eb Tiran\u00eb \u00ebsht\u00eb m\u00eb gjat\u00eb se t\u00eb shkosh dhe kthehesh nga Tirana n\u00eb Gjirokast\u00ebr.<\/p>\n<p>D\u00ebnoj me forc\u00ebn m\u00eb t\u00eb madhe aktet e terrorit shtet\u00ebror, krimit shtet\u00ebror t\u00eb kryer ndaj banor\u00ebve t\u00eb Thethit dhe k\u00ebrkoj nd\u00ebrprerjen e k\u00ebtij terrori.<\/p>\n<p>D\u00ebmshp\u00ebrblimin e t\u00eb gjitha banesave t\u00eb prishura, t\u00eb premtuara se do legalizohen nga Edi Rama.<\/p>\n<p>Merrini, i ka me z\u00eb dhe figur\u00eb premtimet e tij, inkurajimin, mashtrimin e tyre.<\/p>\n<p>\u00c7do gj\u00eb b\u00ebhet p\u00ebr t\u00eb mbuluar funeralin elektoral t\u00eb 11 Majit apo fars\u00ebn elektorale t\u00eb 11 Majit 2025\u201d, u shpreh Berisha.<\/p>\n","protected":false},"excerpt":{"rendered":"<p>Lideri i opozit\u00ebs, Sali Berisha ka d\u00ebnuar me ashp\u00ebrsin\u00eb m\u00eb t\u00eb madhe, krimin shtet\u00ebror, si\u00e7 e cil\u00ebsoi ai, aksionin e Policis\u00eb dhe IKMT-s\u00eb ndaj banor\u00ebve t\u00eb Thethit, duke k\u00ebrkuar nd\u00ebrprerjen e menj\u00ebhershme t\u00eb k\u00ebtij terrori. N\u00eb konferenc\u00ebn e fillim jav\u00ebs nga selia blu, Berisha tha se lidhur me akisioni, banor\u00ebt duhet t\u00eb d\u00ebmshp\u00ebrblehen p\u00ebr t\u00eb &hellip;<\/p>\n","protected":false},"author":4,"featured_media":118945,"comment_status":"closed","ping_status":"closed","sticky":false,"template":"","format":"standard","meta":{"footnotes":""},"categories":[37],"tags":[],"class_list":["post-118944","post","type-post","status-publish","format-standard","has-post-thumbnail","","category-politike"],"_links":{"self":[{"href":"https:\/\/rdnews.al\/index.php\/wp-json\/wp\/v2\/posts\/118944","targetHints":{"allow":["GET"]}}],"collection":[{"href":"https:\/\/rdnews.al\/index.php\/wp-json\/wp\/v2\/posts"}],"about":[{"href":"https:\/\/rdnews.al\/index.php\/wp-json\/wp\/v2\/types\/post"}],"author":[{"embeddable":true,"href":"https:\/\/rdnews.al\/index.php\/wp-json\/wp\/v2\/users\/4"}],"replies":[{"embeddable":true,"href":"https:\/\/rdnews.al\/index.php\/wp-json\/wp\/v2\/comments?post=118944"}],"version-history":[{"count":1,"href":"https:\/\/rdnews.al\/index.php\/wp-json\/wp\/v2\/posts\/118944\/revisions"}],"predecessor-version":[{"id":118946,"href":"https:\/\/rdnews.al\/index.php\/wp-json\/wp\/v2\/posts\/118944\/revisions\/118946"}],"wp:featuredmedia":[{"embeddable":true,"href":"https:\/\/rdnews.al\/index.php\/wp-json\/wp\/v2\/media\/118945"}],"wp:attachment":[{"href":"https:\/\/rdnews.al\/index.php\/wp-json\/wp\/v2\/media?parent=118944"}],"wp:term":[{"taxonomy":"category","embeddable":true,"href":"https:\/\/rdnews.al\/index.php\/wp-json\/wp\/v2\/categories?post=118944"},{"taxonomy":"post_tag","embeddable":true,"href":"https:\/\/rdnews.al\/index.php\/wp-json\/wp\/v2\/tags?post=118944"}],"curies":[{"name":"wp","href":"https:\/\/api.w.org\/{rel}","templated":true}]}}