{"id":118961,"date":"2025-07-14T11:31:05","date_gmt":"2025-07-14T11:31:05","guid":{"rendered":"https:\/\/rdnews.al\/?p=118961"},"modified":"2025-07-14T11:31:05","modified_gmt":"2025-07-14T11:31:05","slug":"berisha-ramaduro-po-sillet-si-kryebashkiak-i-shqiperise-kryetaret-e-bashkive-te-djathta-do-te-zbatojne-kushtetuten-jo-porosite-e-partise","status":"publish","type":"post","link":"https:\/\/rdnews.al\/index.php\/2025\/07\/14\/berisha-ramaduro-po-sillet-si-kryebashkiak-i-shqiperise-kryetaret-e-bashkive-te-djathta-do-te-zbatojne-kushtetuten-jo-porosite-e-partise\/","title":{"rendered":"Berisha: Ramaduro po sillet si kryebashkiak i Shqip\u00ebris\u00eb! Kryetar\u00ebt e bashkive t\u00eb djathta do t\u00eb zbatojn\u00eb kushtetut\u00ebn, jo porosit\u00eb e partis\u00eb"},"content":{"rendered":"<p>Kryetari i Partis\u00eb Demokratike, Sali Berisha, ka akuzuar kryeministrin Edi Rama p\u00ebr shkelje t\u00eb Kushtetut\u00ebs dhe p\u00ebrpjekje p\u00ebr t\u00eb grumbulluar t\u00eb gjitha pushtetet n\u00eb duar. Ai theksoi se Rama po tenton t\u00eb b\u00ebhet kryetar i bashkis\u00eb s\u00eb Shqip\u00ebris\u00eb dhe t\u00eb kontrolloj\u00eb \u00e7do nivel t\u00eb administrat\u00ebs vendore.<br \/>\nSipas Berish\u00ebs, pushteti vendor duhet t\u00eb respektoj\u00eb Kushtetut\u00ebn dhe ligjet nd\u00ebrkomb\u00ebtare, jo udh\u00ebzimet partiake<br \/>\n\u201cUn\u00eb i p\u00ebrg\u00ebzoj ata p\u00ebr kund\u00ebrshtimet q\u00eb i b\u00ebn\u00eb. Por problemi \u00ebsht\u00eb k\u00ebtu, lexoni, duket se ndiqni ato media q\u00eb censurojn\u00eb opozit\u00ebn. Mediat e tjera kan\u00eb dh\u00ebn\u00eb kryetarin e bashkis\u00eb Kavaj\u00eb, duke ja th\u00ebn\u00eb n\u00eb sy, se at\u00eb urdh\u00ebr nuk e zbatoj, p\u00ebr shkarkimet dhe t\u00eb tjera, s\u00eb pari.<br \/>\nS\u00eb dyti, ajo q\u00eb b\u00ebn Ramduro vet\u00ebm fakton edhe nj\u00ebher\u00eb se p\u00ebr t\u00eb kushtetuta nuk ekziston. Se p\u00ebr t\u00eb detyrimi q\u00eb rrjedh nga Karta Europiane Kongresit t\u00eb Autoriteteve Lokale dhe Rajonale, p\u00ebr Shqip\u00ebrin\u00eb si vend an\u00ebtar i K\u00ebshillit t\u00eb Europ\u00ebs, nuk ekziston. Se ky njeri i pangopur don t\u00eb ket\u00eb \u00e7do pushtet n\u00eb k\u00ebt\u00eb vend dhe sillet tani si kryetari i bashkis\u00eb s\u00eb Shqip\u00ebris\u00eb, jo vet\u00ebm si kryeminist\u00ebr.<br \/>\nE di q\u00eb karrigia e tij q\u00ebndron mbi krimin dhe nuk ka asnj\u00eb legjitimet, por tani hiqet dhe kryetar i bashkis\u00eb s\u00eb Shqip\u00ebris\u00eb&#8230;<br \/>\n&#8230; N\u00eb fakt p\u00ebrball\u00eb kryeministrit ja ktheu. I tha p\u00ebrball\u00eb, demokrat jam un\u00eb. Kurse ajo tjetra jo. Pra i p\u00ebrpoq ta fyente me demokrat. Ky bir xhelati q\u00eb i p\u00ebrket nj\u00ebrit prej xhelat\u00ebve t\u00eb diktatur\u00ebs komuniste, njeriu q\u00eb firmosi varjen e Havzi Nel\u00ebs, ka tmerr fjal\u00ebn demokrat, se i p\u00ebrmbysi pushtetin e et\u00ebrve.<br \/>\nNuk e harron Edi Rama 20 shkurtin, kur u transportua me urgjenc\u00eb me autoblind\u00eb n\u00eb tunelet e diktatur\u00ebs, nga frika. Nuk i harron k\u00ebto ai, prandaj i tha aty me urrejtje, ti je demokrat tha.<br \/>\nPo i tha&#8230;<br \/>\n&#8230;Kryetar\u00ebt e Bashkive t\u00eb djathta, q\u00ebndrimin e tyre duhet ta bazojn\u00eb n\u00eb kushtetut\u00ebn dhe ligjet e kart\u00ebn e autonomis\u00eb, aspak n\u00eb udh\u00ebzimet e partis\u00eb.<br \/>\nKushtetuta, Karta Europiane e Autonomis\u00eb Lokale dhe ligji p\u00ebr qeverisjen vendore, mbizot\u00ebrojn\u00eb mbi udh\u00ebzimet partiake, dhe ata do ti zbatojn\u00eb ato. Kjo \u00ebsht\u00eb e gjitha. Edi Rama don t\u00eb b\u00ebhet kryetar i bashkis\u00eb s\u00eb Shqip\u00ebris\u00eb, t\u00eb marr\u00eb edhe at\u00eb pushtet q\u00eb kan\u00eb, ndaj dhe ka shp\u00ebrthyer n\u00eb urrejtje t\u00eb madhe ndaj bashkiak\u00ebve, ndaj administrator\u00ebve, ndaj k\u00ebtyre dhe atyre. Natyrisht k\u00ebtu nuk ka asgj\u00eb t\u00eb re. \u00cbsht\u00eb nj\u00eb njeri q\u00eb ka gjith\u00eb pushtetet n\u00eb duart e tij dhe do ti ushtroj\u00eb ato n\u00eb m\u00ebnyr\u00eb m\u00eb antikushtetuese\u201d, tha Berisha.<\/p>\n","protected":false},"excerpt":{"rendered":"<p>Kryetari i Partis\u00eb Demokratike, Sali Berisha, ka akuzuar kryeministrin Edi Rama p\u00ebr shkelje t\u00eb Kushtetut\u00ebs dhe p\u00ebrpjekje p\u00ebr t\u00eb grumbulluar t\u00eb gjitha pushtetet n\u00eb duar. Ai theksoi se Rama po tenton t\u00eb b\u00ebhet kryetar i bashkis\u00eb s\u00eb Shqip\u00ebris\u00eb dhe t\u00eb kontrolloj\u00eb \u00e7do nivel t\u00eb administrat\u00ebs vendore. Sipas Berish\u00ebs, pushteti vendor duhet t\u00eb respektoj\u00eb Kushtetut\u00ebn dhe &hellip;<\/p>\n","protected":false},"author":4,"featured_media":118962,"comment_status":"closed","ping_status":"closed","sticky":false,"template":"","format":"standard","meta":{"footnotes":""},"categories":[37],"tags":[],"class_list":["post-118961","post","type-post","status-publish","format-standard","has-post-thumbnail","","category-politike"],"_links":{"self":[{"href":"https:\/\/rdnews.al\/index.php\/wp-json\/wp\/v2\/posts\/118961","targetHints":{"allow":["GET"]}}],"collection":[{"href":"https:\/\/rdnews.al\/index.php\/wp-json\/wp\/v2\/posts"}],"about":[{"href":"https:\/\/rdnews.al\/index.php\/wp-json\/wp\/v2\/types\/post"}],"author":[{"embeddable":true,"href":"https:\/\/rdnews.al\/index.php\/wp-json\/wp\/v2\/users\/4"}],"replies":[{"embeddable":true,"href":"https:\/\/rdnews.al\/index.php\/wp-json\/wp\/v2\/comments?post=118961"}],"version-history":[{"count":1,"href":"https:\/\/rdnews.al\/index.php\/wp-json\/wp\/v2\/posts\/118961\/revisions"}],"predecessor-version":[{"id":118963,"href":"https:\/\/rdnews.al\/index.php\/wp-json\/wp\/v2\/posts\/118961\/revisions\/118963"}],"wp:featuredmedia":[{"embeddable":true,"href":"https:\/\/rdnews.al\/index.php\/wp-json\/wp\/v2\/media\/118962"}],"wp:attachment":[{"href":"https:\/\/rdnews.al\/index.php\/wp-json\/wp\/v2\/media?parent=118961"}],"wp:term":[{"taxonomy":"category","embeddable":true,"href":"https:\/\/rdnews.al\/index.php\/wp-json\/wp\/v2\/categories?post=118961"},{"taxonomy":"post_tag","embeddable":true,"href":"https:\/\/rdnews.al\/index.php\/wp-json\/wp\/v2\/tags?post=118961"}],"curies":[{"name":"wp","href":"https:\/\/api.w.org\/{rel}","templated":true}]}}