{"id":118964,"date":"2025-07-14T11:34:43","date_gmt":"2025-07-14T11:34:43","guid":{"rendered":"https:\/\/rdnews.al\/?p=118964"},"modified":"2025-07-14T11:34:43","modified_gmt":"2025-07-14T11:34:43","slug":"berisha-do-ta-ndjekim-me-te-gjithe-mekanizmat-tone-shkeljen-e-autonomise-vendore-nga-edi-rama","status":"publish","type":"post","link":"https:\/\/rdnews.al\/index.php\/2025\/07\/14\/berisha-do-ta-ndjekim-me-te-gjithe-mekanizmat-tone-shkeljen-e-autonomise-vendore-nga-edi-rama\/","title":{"rendered":"Berisha: Do ta ndjekim me t\u00eb gjith\u00eb mekanizmat ton\u00eb shkeljen e autonomis\u00eb vendore nga Edi Rama"},"content":{"rendered":"<p>Kryetari i PD, Sali Berisha u shpreh se, letra e p\u00ebrfaq\u00ebsuesve t\u00eb pushtetit vendor \u00ebsht\u00eb nj\u00eb akt p\u00ebrgjegj\u00ebsie ndaj qytetar\u00ebve dhe Kushtetut\u00ebs s\u00eb Shqip\u00ebris\u00eb.<\/p>\n<p>Ata kan\u00eb informuar K\u00ebshillin e Europ\u00ebs dhe Kongresin e Autoriteteve Lokale p\u00ebr shkeljen e Kart\u00ebs Europiane t\u00eb Autonomis\u00eb Lokale, nd\u00ebrkoh\u00eb q\u00eb Partia Demokratike do t\u00eb vazhdoj\u00eb t\u00eb ndjek\u00eb k\u00ebt\u00eb \u00e7\u00ebshtje me t\u00eb gjitha mekanizmat nd\u00ebrkomb\u00ebtar\u00eb.<\/p>\n<p>\u201cLetra e tyre \u00ebsht\u00eb nj\u00eb akt p\u00ebrgjegj\u00ebsie ndaj qytetar\u00ebve shqiptar\u00eb, ndaj kushtetutshm\u00ebris\u00eb s\u00eb vendit.<\/p>\n<p>Ata kan\u00eb informuar n\u00eb radh\u00eb t\u00eb par\u00eb K\u00ebshillin e Europ\u00ebs dhe Kongresin e Autoriteteve Rajonale dhe Lokale sepse Shqip\u00ebria ka firmosur kart\u00ebn dhe po shkel me dy k\u00ebmb\u00ebt kart\u00ebn.<br \/>\nSigurisht q\u00eb ne k\u00ebt\u00eb do ta ndjekim me t\u00eb gjith\u00eb mekanizmat ton\u00eb q\u00eb kemi.<\/p>\n<p>P\u00ebrfaq\u00ebsuesit tan\u00eb n\u00eb K\u00ebshillin e Europ\u00ebs do ta ken\u00eb nj\u00eb \u00e7\u00ebshtje t\u00eb r\u00ebnd\u00ebsishme shum\u00eb n\u00eb agjend\u00ebn e tyre\u201d, tha Berisha.<\/p>\n","protected":false},"excerpt":{"rendered":"<p>Kryetari i PD, Sali Berisha u shpreh se, letra e p\u00ebrfaq\u00ebsuesve t\u00eb pushtetit vendor \u00ebsht\u00eb nj\u00eb akt p\u00ebrgjegj\u00ebsie ndaj qytetar\u00ebve dhe Kushtetut\u00ebs s\u00eb Shqip\u00ebris\u00eb. Ata kan\u00eb informuar K\u00ebshillin e Europ\u00ebs dhe Kongresin e Autoriteteve Lokale p\u00ebr shkeljen e Kart\u00ebs Europiane t\u00eb Autonomis\u00eb Lokale, nd\u00ebrkoh\u00eb q\u00eb Partia Demokratike do t\u00eb vazhdoj\u00eb t\u00eb ndjek\u00eb k\u00ebt\u00eb \u00e7\u00ebshtje me &hellip;<\/p>\n","protected":false},"author":4,"featured_media":118945,"comment_status":"closed","ping_status":"closed","sticky":false,"template":"","format":"standard","meta":{"footnotes":""},"categories":[37],"tags":[],"class_list":["post-118964","post","type-post","status-publish","format-standard","has-post-thumbnail","","category-politike"],"_links":{"self":[{"href":"https:\/\/rdnews.al\/index.php\/wp-json\/wp\/v2\/posts\/118964","targetHints":{"allow":["GET"]}}],"collection":[{"href":"https:\/\/rdnews.al\/index.php\/wp-json\/wp\/v2\/posts"}],"about":[{"href":"https:\/\/rdnews.al\/index.php\/wp-json\/wp\/v2\/types\/post"}],"author":[{"embeddable":true,"href":"https:\/\/rdnews.al\/index.php\/wp-json\/wp\/v2\/users\/4"}],"replies":[{"embeddable":true,"href":"https:\/\/rdnews.al\/index.php\/wp-json\/wp\/v2\/comments?post=118964"}],"version-history":[{"count":1,"href":"https:\/\/rdnews.al\/index.php\/wp-json\/wp\/v2\/posts\/118964\/revisions"}],"predecessor-version":[{"id":118965,"href":"https:\/\/rdnews.al\/index.php\/wp-json\/wp\/v2\/posts\/118964\/revisions\/118965"}],"wp:featuredmedia":[{"embeddable":true,"href":"https:\/\/rdnews.al\/index.php\/wp-json\/wp\/v2\/media\/118945"}],"wp:attachment":[{"href":"https:\/\/rdnews.al\/index.php\/wp-json\/wp\/v2\/media?parent=118964"}],"wp:term":[{"taxonomy":"category","embeddable":true,"href":"https:\/\/rdnews.al\/index.php\/wp-json\/wp\/v2\/categories?post=118964"},{"taxonomy":"post_tag","embeddable":true,"href":"https:\/\/rdnews.al\/index.php\/wp-json\/wp\/v2\/tags?post=118964"}],"curies":[{"name":"wp","href":"https:\/\/api.w.org\/{rel}","templated":true}]}}