{"id":118986,"date":"2025-07-14T18:07:30","date_gmt":"2025-07-14T18:07:30","guid":{"rendered":"https:\/\/rdnews.al\/?p=118986"},"modified":"2025-07-14T18:08:38","modified_gmt":"2025-07-14T18:08:38","slug":"alizoti-thethi-eshte-vetem-fillimi-rama-po-ben-sic-beri-babai-i-tij-shpirteror-enver-hoxha","status":"publish","type":"post","link":"https:\/\/rdnews.al\/index.php\/2025\/07\/14\/alizoti-thethi-eshte-vetem-fillimi-rama-po-ben-sic-beri-babai-i-tij-shpirteror-enver-hoxha\/","title":{"rendered":"Alizoti: Thethi \u00ebsht\u00eb vet\u00ebm fillimi! Rama po b\u00ebn si\u00e7 b\u00ebri babai i tij shpirt\u00ebror, Enver Hoxha!"},"content":{"rendered":"<p>Deputeti i PD, Tomor Alizoti ka reaguar ashp\u00ebr ndaj zhvillimeve t\u00eb fundit n\u00eb vend, duke e cil\u00ebsuar qeverisjen e Edi Ram\u00ebs si nj\u00eb form\u00eb t\u00eb qart\u00eb diktature autoritare.<\/p>\n<p>I ftuar n\u00eb nj\u00eb intervist\u00eb p\u00ebr Syri TV me moderatoren Armela Ferko, Alizoti tha se, ngjarja n\u00eb Theth dhe nd\u00ebrhyrjet e kryeministrit n\u00eb pushtetin vendor jan\u00eb sinjale alarmante p\u00ebr shkeljen e ndarjes s\u00eb pushteteve dhe frik\u00ebsimin e qytetar\u00ebve, biznesit dhe administrat\u00ebs. Ai paralajm\u00ebroi se Rama \u00ebsht\u00eb n\u00eb rrug\u00ebn drejt forcimit t\u00eb m\u00ebtejsh\u00ebm t\u00eb kontrollit absolut mbi vendin.<\/p>\n<p>\u201cRama nuk \u00ebsht\u00eb m\u00eb surpriz\u00eb dhe un\u00eb besoj q\u00eb k\u00ebto zgjedhje ishin v\u00ebrtet nj\u00eb fars\u00eb. Ky Thethi q\u00eb ndodhi dhe t\u00eb tjerat q\u00eb do ndodhin m\u00eb von\u00eb, jan\u00eb nj\u00eb mesazh i drejtp\u00ebrdrejt\u00eb p\u00ebr t\u00eb gjith\u00eb shqiptar\u00ebt.<\/p>\n<p>Sot Shqip\u00ebria \u00ebsht\u00eb n\u00eb faz\u00ebn e diktatur\u00ebs autoritare. Demokracia ka nj\u00eb tipologji q\u00eb ka ndarjen e pushteteve. Nuk p\u00ebrfshihet kryeministri n\u00eb bashkit\u00eb, n\u00eb pushtetin vendor. Shija estetike, interesi financiar, epshi i kryeministrit q\u00eb quhet Rama \u00ebsht\u00eb detyr\u00eb p\u00ebr t\u00eb gjith\u00eb. Pra, k\u00ebtu shteti \u00ebsht\u00eb b\u00ebr\u00eb autoritar. Shteti \u00ebsht\u00eb b\u00ebr\u00eb autoritar. Dhe pse \u00ebsht\u00eb autoritar?<\/p>\n<p>Nj\u00eb shtet autoritar ka disa tipare dhe tipari kryesor \u00ebsht\u00eb: ndarja e pushteteve nuk ekziston m\u00eb n\u00eb Shqip\u00ebri. Ai shkon kudo dhe ka nj\u00eb gj\u00eb elementare q\u00eb e ka edhe shteti autoritar dhe sistemi komunist q\u00eb ishte komunizmi, q\u00eb qeverisja ka nj\u00eb element bazik, q\u00eb \u00ebsht\u00eb frika. Rama shkon n\u00eb t\u00eb gjith\u00eb Shqip\u00ebrin\u00eb dhe shantazhon, frik\u00ebson.<\/p>\n<p>Pra, frik\u00ebson t\u00eb vet\u00ebt, frik\u00ebson qytetar\u00ebt, frik\u00ebson ata q\u00eb b\u00ebjn\u00eb biznes. Ky pra \u00ebsht\u00eb shteti autoritar. Ky po b\u00ebn si\u00e7 b\u00ebri babai i tij shpirt\u00ebror dhe praktik, Enver Hoxha. Kryetar\u00ebt e bashkis\u00eb jan\u00eb t\u00eb gjith\u00eb ata q\u00eb \u00e7uan administrat\u00ebn n\u00eb k\u00ebmb\u00eb p\u00ebr t\u00eb marr\u00eb votat. K\u00ebta njer\u00ebz ky do t\u2019i haj\u00eb, sepse k\u00ebshtu \u00ebsht\u00eb sistemi. Ata q\u00eb kan\u00eb zgjedhur diktaturat do ta rrisin diktatur\u00ebn e tij dhe Rama do shkoj\u00eb n\u00eb rritjen progresive masive t\u00eb diktatur\u00ebs\u201d, tha Alizoti<\/p>\n","protected":false},"excerpt":{"rendered":"<p>Deputeti i PD, Tomor Alizoti ka reaguar ashp\u00ebr ndaj zhvillimeve t\u00eb fundit n\u00eb vend, duke e cil\u00ebsuar qeverisjen e Edi Ram\u00ebs si nj\u00eb form\u00eb t\u00eb qart\u00eb diktature autoritare. I ftuar n\u00eb nj\u00eb intervist\u00eb p\u00ebr Syri TV me moderatoren Armela Ferko, Alizoti tha se, ngjarja n\u00eb Theth dhe nd\u00ebrhyrjet e kryeministrit n\u00eb pushtetin vendor jan\u00eb sinjale &hellip;<\/p>\n","protected":false},"author":4,"featured_media":112805,"comment_status":"closed","ping_status":"closed","sticky":false,"template":"","format":"standard","meta":{"footnotes":""},"categories":[37],"tags":[],"class_list":["post-118986","post","type-post","status-publish","format-standard","has-post-thumbnail","","category-politike"],"_links":{"self":[{"href":"https:\/\/rdnews.al\/index.php\/wp-json\/wp\/v2\/posts\/118986","targetHints":{"allow":["GET"]}}],"collection":[{"href":"https:\/\/rdnews.al\/index.php\/wp-json\/wp\/v2\/posts"}],"about":[{"href":"https:\/\/rdnews.al\/index.php\/wp-json\/wp\/v2\/types\/post"}],"author":[{"embeddable":true,"href":"https:\/\/rdnews.al\/index.php\/wp-json\/wp\/v2\/users\/4"}],"replies":[{"embeddable":true,"href":"https:\/\/rdnews.al\/index.php\/wp-json\/wp\/v2\/comments?post=118986"}],"version-history":[{"count":2,"href":"https:\/\/rdnews.al\/index.php\/wp-json\/wp\/v2\/posts\/118986\/revisions"}],"predecessor-version":[{"id":118988,"href":"https:\/\/rdnews.al\/index.php\/wp-json\/wp\/v2\/posts\/118986\/revisions\/118988"}],"wp:featuredmedia":[{"embeddable":true,"href":"https:\/\/rdnews.al\/index.php\/wp-json\/wp\/v2\/media\/112805"}],"wp:attachment":[{"href":"https:\/\/rdnews.al\/index.php\/wp-json\/wp\/v2\/media?parent=118986"}],"wp:term":[{"taxonomy":"category","embeddable":true,"href":"https:\/\/rdnews.al\/index.php\/wp-json\/wp\/v2\/categories?post=118986"},{"taxonomy":"post_tag","embeddable":true,"href":"https:\/\/rdnews.al\/index.php\/wp-json\/wp\/v2\/tags?post=118986"}],"curies":[{"name":"wp","href":"https:\/\/api.w.org\/{rel}","templated":true}]}}