{"id":118989,"date":"2025-07-14T19:22:14","date_gmt":"2025-07-14T19:22:14","guid":{"rendered":"https:\/\/rdnews.al\/?p=118989"},"modified":"2025-07-14T19:42:24","modified_gmt":"2025-07-14T19:42:24","slug":"ne-theth-po-zbatohen-politikt-antikombetare-te-sektit-politik-qe-drejtohet-nga-edi-rama","status":"publish","type":"post","link":"https:\/\/rdnews.al\/index.php\/2025\/07\/14\/ne-theth-po-zbatohen-politikt-antikombetare-te-sektit-politik-qe-drejtohet-nga-edi-rama\/","title":{"rendered":"N\u00eb Theth po zbatohen politika antikomb\u00ebtare t\u00eb sektit politik q\u00eb drejtohet nga Edi Rama"},"content":{"rendered":"<p><strong>Nga Bujar LESKAJ<\/strong><\/p>\n<p>Ajo q\u00eb po ndodh k\u00ebto dit\u00eb n\u00eb Theth \u00ebsht\u00eb nj\u00eb shembull flagrant i zbatimit t\u00eb politikave antikomb\u00ebtare t\u00eb sektit politik q\u00eb drejtohet nga Edi Rama. K\u00ebto veprime nuk jan\u00eb t\u00eb rast\u00ebsishme. Ato po vazhdojn\u00eb t\u00eb zbatohen me ciniz\u00ebm si nj\u00eb strategji e past\u00ebr shpopullimi q\u00eb ka mbi nj\u00eb dekad\u00eb q\u00eb po aplikohet nga sekti Rama, si dhe zhdukjen e struktur\u00ebs tradicionale t\u00eb komuniteteve malore<\/p>\n<p>Ky projekt i zymt\u00eb nuk \u00ebsht\u00eb i ri. Veriu i Shqip\u00ebris\u00eb ka qen\u00eb prej koh\u00ebsh n\u00ebn goditje, dhe tashm\u00eb Thethi \u00ebsht\u00eb b\u00ebr\u00eb skena kryesore e nj\u00eb agresioni institucional, ku ligji zbatohet p\u00ebrmes urdhrit verbal t\u00eb Kryeministrit dhe jo p\u00ebrmes institucioneve t\u00eb pavarura.<\/p>\n<p>N\u00eb kulmin e sezonit turistik, qeveria ka urdh\u00ebruar shembjen e banesave dhe bizneseve tradicionale, pa paralajm\u00ebrim real dhe pa ofruar zgjidhje.<\/p>\n<p>Goditja brutale ndaj pron\u00ebs private, n\u00eb mes t\u00eb dit\u00ebs dhe n\u00eb mes t\u00eb sezonit turistik, p\u00ebrb\u00ebn nj\u00eb precedent t\u00eb rreziksh\u00ebm n\u00eb zbatimin e ligjit. N\u00eb vend q\u00eb t\u00eb veprojn\u00eb mbi baz\u00ebn e Kushtetut\u00ebs dhe t\u00eb drejt\u00ebs, institucionet shtet\u00ebrore veprojn\u00eb mbi baz\u00ebn e deklaratave televizive t\u00eb Kryeministrit. Ligji \u00ebsht\u00eb z\u00ebvend\u00ebsuar me fjal\u00ebn e tij. Kjo \u00ebsht\u00eb jo vet\u00ebm e papranueshme, por edhe e frikshme.<\/p>\n<p>Nd\u00ebrsa n\u00eb Theth po ndodhin prishje masive, n\u00eb nj\u00eb akt karshilleku t\u00eb past\u00ebr, Kryeministri poston t\u00eb ashtuquajtur\u00ebn \u201cPaketa e Maleve\u201d. Kjo nuk \u00ebsht\u00eb rast\u00ebsi, \u00ebsht\u00eb nj\u00eb p\u00ebrpjekje e qart\u00eb p\u00ebr t\u00eb legjitimuar grabitjen e pronave dhe dh\u00ebnien e tyre oligark\u00ebve t\u00eb radh\u00ebs. Prona e trash\u00ebguar nd\u00ebr breza, tok\u00eb me histori dhe identitet, sot k\u00ebrc\u00ebnohet nga makineria e shtetit.<\/p>\n<p>Duhet t\u00eb jemi t\u00eb gjith\u00eb n\u00eb krah t\u00eb banor\u00ebve t\u00eb Thethit. Ata nuk jan\u00eb vet\u00ebm n\u00eb k\u00ebt\u00eb betej\u00eb. Q\u00ebndresa e tyre kund\u00ebr arroganc\u00ebs shtet\u00ebrore \u00ebsht\u00eb akt i guximsh\u00ebm dhe duhet t\u00eb frym\u00ebzoj\u00eb solidaritet n\u00eb t\u00eb gjith\u00eb vendin. Nd\u00ebrkoh\u00eb, qeveria, pas k\u00ebtij agresioni t\u00eb past\u00ebr shtet\u00ebror, duhet t\u00eb marr\u00eb p\u00ebrgjegj\u00ebsi dhe t\u00eb d\u00ebmshp\u00ebrblej\u00eb banor\u00ebt p\u00ebr d\u00ebmet e shkaktuara.<\/p>\n<p>Deputetja demokrate Greta Bardeli ka qen\u00eb e pranishme dhe e ka p\u00ebrshkruar situat\u00ebn me fjal\u00eb t\u00eb qarta dhe trondit\u00ebse:<\/p>\n<p>\u201cThethi duket si zon\u00eb lufte. Jan\u00eb shembur banesa dhe biznese historike, n\u00eb mes t\u00eb sezonit turistik. Banor\u00ebt ndihen t\u00eb tradhtuar nga nj\u00eb shtet q\u00eb dikur i nxiti t\u00eb investonin n\u00eb vendlindje. IKMT dhe policia po ushtrojn\u00eb presion. Kjo \u00ebsht\u00eb nj\u00eb goditje e r\u00ebnd\u00eb ndaj nj\u00eb komuniteti me tradit\u00eb shekullore.\u201d<\/p>\n<p>Komuniteti i Thethit nuk k\u00ebrkoi as m\u00ebshir\u00eb, as privilegje por thjesht t\u00eb drejtat e tyre: legalizim t\u00eb banesave t\u00eb trash\u00ebguara, infrastruktur\u00eb minimale, dhe trajtim dinjitoz nga shteti. N\u00eb vend t\u00eb k\u00ebtyre, mor\u00ebn buldozer\u00eb dhe urdhra p\u00ebr shkat\u00ebrrim.<\/p>\n<p>Kjo masak\u00ebr urbanistike \u00ebsht\u00eb b\u00ebr\u00eb p\u00ebrpara syve t\u00eb gjith\u00eb opinionit publik \u2013 komb\u00ebtar dhe nd\u00ebrkomb\u00ebtar. Banor\u00ebt jan\u00eb ndjer\u00eb t\u00eb tradhtuar, sepse ishte vet\u00eb Kryeministri ai q\u00eb 1 vit m\u00eb par\u00eb i nxiti t\u00eb ktheheshin n\u00eb vendlindje, t\u00eb investonin, t\u00eb nd\u00ebrtonin t\u00eb ardhmen. Disa prej bizneseve t\u00eb goditura kan\u00eb mbi 30 vite aktivitet, i kan\u00eb paguar shtetit t\u00eb gjitha detyrimet dhe kan\u00eb k\u00ebrkuar dialog, por jan\u00eb injoruar.K\u00ebto nuk jan\u00eb sht\u00ebpi t\u00eb zakonshme, jan\u00eb banesa mbi 500-vje\u00e7are, trash\u00ebgimi kulturore dhe familjare.<\/p>\n<p>Pamja n\u00eb Theth sot ngjan me ato q\u00eb shohim n\u00eb zonat e luft\u00ebs. Nj\u00eb vend me histori, me zakone, me mikpritje, \u00ebsht\u00eb l\u00ebn\u00eb n\u00eb m\u00ebshir\u00eb t\u00eb fatit. Si \u00ebsht\u00eb e mundur q\u00eb nj\u00eb qeveri nuk arrin t\u00eb komunikoj\u00eb me nj\u00eb komunitet q\u00eb k\u00ebrkon thjesht rregull dhe drejt\u00ebsi? Ky \u00ebsht\u00eb nj\u00eb mesazh i qart\u00eb, nj\u00eb paralajm\u00ebrim p\u00ebr gjith\u00eb Shqip\u00ebrin\u00eb: pas Thethit, mund t\u00eb vij\u00eb radha e kujtdo.<\/p>\n<p>Pak dit\u00eb m\u00eb par\u00eb, n\u00eb m\u00ebnyr\u00eb paralajm\u00ebruese, u publikua \u201cPaketa e Maleve\u201d, nj\u00eb ligj t\u00eb cilin ne deputet\u00ebt e opozit\u00ebs e kemi kund\u00ebrshtuar fort n\u00eb Kuvend, si nj\u00eb mjet p\u00ebr t\u00eb grabitur tokat e t\u00eb par\u00ebve tan\u00eb dhe p\u00ebr t\u2019i dh\u00ebn\u00eb n\u00eb duart e oligark\u00ebve. Dhe Thethi \u00ebsht\u00eb vet\u00ebm fillimi.<\/p>\n<p>Ky akt p\u00ebrfaq\u00ebson nj\u00eb precedent t\u00eb r\u00ebnd\u00eb, ku prona private goditet n\u00eb em\u00ebr t\u00eb interesave t\u00eb oligark\u00ebve. Ndaj, q\u00ebndresa e banor\u00ebve t\u00eb Thethit \u00ebsht\u00eb jo vet\u00ebm legjitime, por e domosdoshme. Solidariteti yn\u00eb me ta duhet t\u00eb jet\u00eb i plot\u00eb dhe i pakufi!<\/p>\n<p><img loading=\"lazy\" decoding=\"async\" class=\"alignnone size-medium wp-image-118381\" src=\"https:\/\/rdnews.al\/wp-content\/uploads\/2025\/07\/theth-300x169.webp\" alt=\"\" width=\"300\" height=\"169\" srcset=\"https:\/\/rdnews.al\/wp-content\/uploads\/2025\/07\/theth-300x169.webp 300w, https:\/\/rdnews.al\/wp-content\/uploads\/2025\/07\/theth-768x432.webp 768w, https:\/\/rdnews.al\/wp-content\/uploads\/2025\/07\/theth.webp 1024w\" sizes=\"auto, (max-width: 300px) 100vw, 300px\" \/><\/p>\n","protected":false},"excerpt":{"rendered":"<p>Nga Bujar LESKAJ Ajo q\u00eb po ndodh k\u00ebto dit\u00eb n\u00eb Theth \u00ebsht\u00eb nj\u00eb shembull flagrant i zbatimit t\u00eb politikave antikomb\u00ebtare t\u00eb sektit politik q\u00eb drejtohet nga Edi Rama. K\u00ebto veprime nuk jan\u00eb t\u00eb rast\u00ebsishme. Ato po vazhdojn\u00eb t\u00eb zbatohen me ciniz\u00ebm si nj\u00eb strategji e past\u00ebr shpopullimi q\u00eb ka mbi nj\u00eb dekad\u00eb q\u00eb po aplikohet &hellip;<\/p>\n","protected":false},"author":4,"featured_media":73556,"comment_status":"closed","ping_status":"closed","sticky":false,"template":"","format":"standard","meta":{"footnotes":""},"categories":[44],"tags":[],"class_list":["post-118989","post","type-post","status-publish","format-standard","has-post-thumbnail","","category-editorial"],"_links":{"self":[{"href":"https:\/\/rdnews.al\/index.php\/wp-json\/wp\/v2\/posts\/118989","targetHints":{"allow":["GET"]}}],"collection":[{"href":"https:\/\/rdnews.al\/index.php\/wp-json\/wp\/v2\/posts"}],"about":[{"href":"https:\/\/rdnews.al\/index.php\/wp-json\/wp\/v2\/types\/post"}],"author":[{"embeddable":true,"href":"https:\/\/rdnews.al\/index.php\/wp-json\/wp\/v2\/users\/4"}],"replies":[{"embeddable":true,"href":"https:\/\/rdnews.al\/index.php\/wp-json\/wp\/v2\/comments?post=118989"}],"version-history":[{"count":2,"href":"https:\/\/rdnews.al\/index.php\/wp-json\/wp\/v2\/posts\/118989\/revisions"}],"predecessor-version":[{"id":118995,"href":"https:\/\/rdnews.al\/index.php\/wp-json\/wp\/v2\/posts\/118989\/revisions\/118995"}],"wp:featuredmedia":[{"embeddable":true,"href":"https:\/\/rdnews.al\/index.php\/wp-json\/wp\/v2\/media\/73556"}],"wp:attachment":[{"href":"https:\/\/rdnews.al\/index.php\/wp-json\/wp\/v2\/media?parent=118989"}],"wp:term":[{"taxonomy":"category","embeddable":true,"href":"https:\/\/rdnews.al\/index.php\/wp-json\/wp\/v2\/categories?post=118989"},{"taxonomy":"post_tag","embeddable":true,"href":"https:\/\/rdnews.al\/index.php\/wp-json\/wp\/v2\/tags?post=118989"}],"curies":[{"name":"wp","href":"https:\/\/api.w.org\/{rel}","templated":true}]}}