{"id":119008,"date":"2025-07-15T08:23:35","date_gmt":"2025-07-15T08:23:35","guid":{"rendered":"https:\/\/rdnews.al\/?p=119008"},"modified":"2025-07-15T08:23:35","modified_gmt":"2025-07-15T08:23:35","slug":"vetmia-e-fjaleve-te-duhura","status":"publish","type":"post","link":"https:\/\/rdnews.al\/index.php\/2025\/07\/15\/vetmia-e-fjaleve-te-duhura\/","title":{"rendered":"Vetmia e fjal\u00ebve t\u00eb duhura"},"content":{"rendered":"<p><strong>Nga Elona CASLLI<\/strong><\/p>\n<p>N\u00eb jet\u00eb ka disa lloj vetmish. Nj\u00eb prej tyre \u00ebsht\u00eb edhe vetmia e fjal\u00ebve t\u00eb duhura. N\u00eb realitetin shqiptar fjala e duhur shoq\u00ebrohet me vetmi. Ai, q\u00eb thot\u00eb t\u00eb v\u00ebrtet\u00ebn, gjendet gjithmon\u00eb i vet\u00ebm.<\/p>\n<p>Kjo lloj vetmie m&#8217;u rikujtua teksa d\u00ebgjova fjal\u00ebt e Dom Vlash Palajt gjat\u00eb nj\u00eb meshe mbi ngjarjet q\u00eb ndodh\u00ebn n\u00eb Theth.<\/p>\n<p>Thon\u00eb se fjal\u00ebt q\u00eb dalin nga shpirti hyjn\u00eb menjeher\u00eb n\u00eb shpirt. &#8220;Nga shpirti n\u00eb shpirt&#8221; e quajn\u00eb si proces dhe kan\u00eb t\u00eb drejt\u00eb, pasi nj\u00eb ligj\u00ebrat\u00eb, q\u00eb del nga brendia e shpirtit, e g\u00ebrvisht d\u00ebgjuesin, ia trondit qet\u00ebsin\u00eb, e b\u00ebn t\u00eb mendoj\u00eb dhe ia shkrin akullin e shp\u00ebrfilljes p\u00ebr ngjarjet q\u00eb ndodhin jasht\u00eb tij dhe jo brenda tij.<\/p>\n<p>E till\u00eb qe fjala e Dom Vlash Palajt. Nj\u00eb fjal\u00eb q\u00eb tronditi opinionin publik madje edhe vet\u00eb kryeministrin i cili n\u00eb ligj\u00ebrat\u00eb t\u00eb drejt\u00eb tha; -&#8221; Ishte edhe nj\u00eb prift q\u00eb kish folur&#8221;.<\/p>\n<p>Nd\u00ebrkoh\u00eb q\u00eb ai, q\u00eb kryeministri e quan thjesht &#8221; nj\u00eb prift&#8221;, ka nj\u00eb em\u00ebr t\u00eb p\u00ebrve\u00e7\u00ebm, ka nj\u00eb mosh\u00eb t\u00eb caktuar, ka nj\u00eb argument q\u00eb r\u00ebndon n\u00eb fjal\u00ebn e tij sikund\u00ebr ka edhe vetmin\u00eb e fjal\u00ebve t\u00eb duhura n\u00eb k\u00ebt\u00eb \u00e7ast tejet t\u00eb v\u00ebshtir\u00eb q\u00eb po kalon vendi.<\/p>\n<p>Pra, Dom Vlash Palaj nuk \u00ebsht\u00eb thjesht nj\u00eb prift. \u00cbsht\u00eb nj\u0113 z\u00eb ,q\u00eb thot\u00eb t\u00eb v\u00ebrtet\u00ebn, n\u00eb zemr\u00ebn e heshtjes shtyp\u00ebse q\u00eb ka pllakosur Shqip\u00ebrin\u00eb dhe nj\u00eb z\u00eb i p\u00ebrve\u00e7\u00ebm nuk mund t\u00eb indentifikohet me nj\u00eb em\u00ebr t\u00eb p\u00ebrgjithsh\u00ebm n\u00eb numrin nj\u00ebj\u00ebs.<\/p>\n<p>Post Scriptum- Thethi u shemb, por Dom Vlash Palaj tha t\u00eb v\u00ebrtet\u00ebn.<\/p>\n","protected":false},"excerpt":{"rendered":"<p>Nga Elona CASLLI N\u00eb jet\u00eb ka disa lloj vetmish. Nj\u00eb prej tyre \u00ebsht\u00eb edhe vetmia e fjal\u00ebve t\u00eb duhura. N\u00eb realitetin shqiptar fjala e duhur shoq\u00ebrohet me vetmi. Ai, q\u00eb thot\u00eb t\u00eb v\u00ebrtet\u00ebn, gjendet gjithmon\u00eb i vet\u00ebm. Kjo lloj vetmie m&#8217;u rikujtua teksa d\u00ebgjova fjal\u00ebt e Dom Vlash Palajt gjat\u00eb nj\u00eb meshe mbi ngjarjet q\u00eb &hellip;<\/p>\n","protected":false},"author":4,"featured_media":119009,"comment_status":"closed","ping_status":"closed","sticky":false,"template":"","format":"standard","meta":{"footnotes":""},"categories":[44],"tags":[],"class_list":["post-119008","post","type-post","status-publish","format-standard","has-post-thumbnail","","category-editorial"],"_links":{"self":[{"href":"https:\/\/rdnews.al\/index.php\/wp-json\/wp\/v2\/posts\/119008","targetHints":{"allow":["GET"]}}],"collection":[{"href":"https:\/\/rdnews.al\/index.php\/wp-json\/wp\/v2\/posts"}],"about":[{"href":"https:\/\/rdnews.al\/index.php\/wp-json\/wp\/v2\/types\/post"}],"author":[{"embeddable":true,"href":"https:\/\/rdnews.al\/index.php\/wp-json\/wp\/v2\/users\/4"}],"replies":[{"embeddable":true,"href":"https:\/\/rdnews.al\/index.php\/wp-json\/wp\/v2\/comments?post=119008"}],"version-history":[{"count":1,"href":"https:\/\/rdnews.al\/index.php\/wp-json\/wp\/v2\/posts\/119008\/revisions"}],"predecessor-version":[{"id":119010,"href":"https:\/\/rdnews.al\/index.php\/wp-json\/wp\/v2\/posts\/119008\/revisions\/119010"}],"wp:featuredmedia":[{"embeddable":true,"href":"https:\/\/rdnews.al\/index.php\/wp-json\/wp\/v2\/media\/119009"}],"wp:attachment":[{"href":"https:\/\/rdnews.al\/index.php\/wp-json\/wp\/v2\/media?parent=119008"}],"wp:term":[{"taxonomy":"category","embeddable":true,"href":"https:\/\/rdnews.al\/index.php\/wp-json\/wp\/v2\/categories?post=119008"},{"taxonomy":"post_tag","embeddable":true,"href":"https:\/\/rdnews.al\/index.php\/wp-json\/wp\/v2\/tags?post=119008"}],"curies":[{"name":"wp","href":"https:\/\/api.w.org\/{rel}","templated":true}]}}