{"id":119011,"date":"2025-07-15T08:31:21","date_gmt":"2025-07-15T08:31:21","guid":{"rendered":"https:\/\/rdnews.al\/?p=119011"},"modified":"2025-07-15T08:31:52","modified_gmt":"2025-07-15T08:31:52","slug":"zhupa-rama-po-vepron-si-pushtues-po-shemb-bujtina-dhe-lokale-per-interesa-oligarkesh-dhe-klientesh","status":"publish","type":"post","link":"https:\/\/rdnews.al\/index.php\/2025\/07\/15\/zhupa-rama-po-vepron-si-pushtues-po-shemb-bujtina-dhe-lokale-per-interesa-oligarkesh-dhe-klientesh\/","title":{"rendered":"Rama po vepron si pushtues, po shemb bujtina dhe lokale p\u00ebr interesa oligark\u00ebsh dhe klient\u00ebsh!"},"content":{"rendered":"<p>Deputetja e PD, Ina Zhupa n\u00eb nj\u00eb intervist\u00eb n\u00eb Ora News tha se, qeveria \u00ebsht\u00eb duke u sjell\u00eb si nj\u00eb pushtues n\u00eb veri t\u00eb vendit me shembjet n\u00eb Theth.<\/p>\n<p><strong>\u201c<\/strong>Jemi n\u00eb mes t\u00eb nj\u00eb aksioni si t\u00eb shkat\u00ebrrojm\u00eb turizmit, n\u00eb korrik \u00ebsht\u00eb kulmi i sezonit turistik dhe t\u00eb kujtohesh p\u00ebr t\u00eb tilla aksione n\u00eb mes t\u00eb sezonit duke larguar turist\u00ebt dhe duke shembur bujtina dhe lokale, \u00ebsht\u00eb mos t\u00eb kesh interesin e Shqip\u00ebris\u00eb dhe ekonomis\u00eb, por vet\u00ebm interesa oligark\u00ebsh dhe klient\u00ebsh, qoft\u00eb edhe nj\u00eb d\u00eblir t\u00eb momentit.<\/p>\n<p>Ne nuk kemi n\u00eb qeverisje q\u00eb funksionin sipas ligjit dhe paralajm\u00ebrime institucionale, atyre q\u00eb kan\u00eb shkelur se jo t\u00eb gjith\u00eb kan\u00eb shkelur ligji sepse shteti vet\u00eb u ka dh\u00ebn\u00eb leje dhe t\u00eb dejt\u00eb p\u00ebr hap\u00ebsir\u00ebn publike, apo u ka th\u00ebn\u00eb se do t\u2019u fal\u00eb edhe gjobat. Nuk \u00ebsht\u00eb nj\u00eb situat\u00eb ku e mira \u00ebsht\u00eb qeveria dhe e keqja populli, p\u00ebrkundrazi, qeveria \u00ebsht\u00eb duke u sjell\u00eb si pushtues\u201d, tha Zhupa.<\/p>\n","protected":false},"excerpt":{"rendered":"<p>Deputetja e PD, Ina Zhupa n\u00eb nj\u00eb intervist\u00eb n\u00eb Ora News tha se, qeveria \u00ebsht\u00eb duke u sjell\u00eb si nj\u00eb pushtues n\u00eb veri t\u00eb vendit me shembjet n\u00eb Theth. \u201cJemi n\u00eb mes t\u00eb nj\u00eb aksioni si t\u00eb shkat\u00ebrrojm\u00eb turizmit, n\u00eb korrik \u00ebsht\u00eb kulmi i sezonit turistik dhe t\u00eb kujtohesh p\u00ebr t\u00eb tilla aksione n\u00eb mes &hellip;<\/p>\n","protected":false},"author":4,"featured_media":119012,"comment_status":"closed","ping_status":"closed","sticky":false,"template":"","format":"standard","meta":{"footnotes":""},"categories":[37],"tags":[],"class_list":["post-119011","post","type-post","status-publish","format-standard","has-post-thumbnail","","category-politike"],"_links":{"self":[{"href":"https:\/\/rdnews.al\/index.php\/wp-json\/wp\/v2\/posts\/119011","targetHints":{"allow":["GET"]}}],"collection":[{"href":"https:\/\/rdnews.al\/index.php\/wp-json\/wp\/v2\/posts"}],"about":[{"href":"https:\/\/rdnews.al\/index.php\/wp-json\/wp\/v2\/types\/post"}],"author":[{"embeddable":true,"href":"https:\/\/rdnews.al\/index.php\/wp-json\/wp\/v2\/users\/4"}],"replies":[{"embeddable":true,"href":"https:\/\/rdnews.al\/index.php\/wp-json\/wp\/v2\/comments?post=119011"}],"version-history":[{"count":2,"href":"https:\/\/rdnews.al\/index.php\/wp-json\/wp\/v2\/posts\/119011\/revisions"}],"predecessor-version":[{"id":119014,"href":"https:\/\/rdnews.al\/index.php\/wp-json\/wp\/v2\/posts\/119011\/revisions\/119014"}],"wp:featuredmedia":[{"embeddable":true,"href":"https:\/\/rdnews.al\/index.php\/wp-json\/wp\/v2\/media\/119012"}],"wp:attachment":[{"href":"https:\/\/rdnews.al\/index.php\/wp-json\/wp\/v2\/media?parent=119011"}],"wp:term":[{"taxonomy":"category","embeddable":true,"href":"https:\/\/rdnews.al\/index.php\/wp-json\/wp\/v2\/categories?post=119011"},{"taxonomy":"post_tag","embeddable":true,"href":"https:\/\/rdnews.al\/index.php\/wp-json\/wp\/v2\/tags?post=119011"}],"curies":[{"name":"wp","href":"https:\/\/api.w.org\/{rel}","templated":true}]}}