{"id":119023,"date":"2025-07-15T09:14:50","date_gmt":"2025-07-15T09:14:50","guid":{"rendered":"https:\/\/rdnews.al\/?p=119023"},"modified":"2025-07-15T09:15:31","modified_gmt":"2025-07-15T09:15:31","slug":"berisha-publikon-videon-kjo-eshte-fytyra-e-vertete-e-ramaduros-ju-nguli-banoreve-te-thethit-thiken-pas-shpine","status":"publish","type":"post","link":"https:\/\/rdnews.al\/index.php\/2025\/07\/15\/berisha-publikon-videon-kjo-eshte-fytyra-e-vertete-e-ramaduros-ju-nguli-banoreve-te-thethit-thiken-pas-shpine\/","title":{"rendered":"Berisha publikon videon: Kjo \u00ebsht\u00eb fytyra e v\u00ebrtet\u00eb e Ramaduros! Ju nguli thik\u00ebn pas shpine banor\u00ebve t\u00eb Thethit!"},"content":{"rendered":"<div id=\"rekl-49\">Lideri i opozit\u00ebs, Sali Berisha, ka publikuar nj\u00eb video n\u00eb rrjetin social Facebook, ku akuzon Edi Ram\u00ebn p\u00ebr mashtrim dhe tradhti ndaj banor\u00ebve t\u00eb Thethit.<\/div>\n<div class=\"readmore-text-here\">\n<p>N\u00eb postimin e tij, Berisha thekson se Rama, p\u00ebrpara dat\u00ebs 11 maj 2025, ka dh\u00ebn\u00eb premtime publike p\u00ebr mb\u00ebshtetje dhe investime n\u00eb zon\u00eb, por menj\u00ebher\u00eb pas k\u00ebsaj date, ka nisur prishjen e nd\u00ebrtimeve n\u00eb Theth, duke goditur drejtp\u00ebrdrejt banor\u00ebt vendas.<\/p>\n<p>N\u00eb videon e publikuar, Rama d\u00ebgjohet t\u00eb thot\u00eb:<\/p>\n<div id=\"rekl-13\">\n<div id=\"__sap-ad-15\" class=\"__sap-ads __sap-html inline tracked\" data-title=\"Credins desktop Brenda lajmit 08\">\n<p>&nbsp;<\/p>\n<div id=\"beacon_b85050a118\"><img loading=\"lazy\" decoding=\"async\" src=\"https:\/\/ads1.medium.al\/www\/delivery\/lg.php?bannerid=0&amp;campaignid=0&amp;zoneid=232&amp;loc=https%3A%2F%2Fwww.syri.net%2Fpolitike%2F804506%2Fju-nguli-banoreve-te-thethit-thiken-pas-shpine-berisha-publikon-videon-me-premtimet-e-rames-para-11-majit%2F&amp;referer=https%3A%2F%2Fwww.syri.net%2Fpolitike%2F&amp;cb=b85050a118\" alt=\"\" width=\"0\" height=\"0\" \/><em>\u201cUn\u00eb di t\u00eb them vet\u00ebm aq, kaq di ta them edhe p\u00ebr kaq jam gati ta firmos q\u00eb me investu kursimet e atjeshme k\u00ebtu, te ajo sht\u00ebpia. Fundi i muajit dhe viti del shum\u00eb m\u00eb mir\u00eb se me vazhdu me nejt atje.\u201d<\/em><\/div>\n<p>&nbsp;<\/p>\n<\/div>\n<\/div>\n<p><em><iframe loading=\"lazy\" src=\"https:\/\/www.facebook.com\/plugins\/video.php?height=476&amp;href=https%3A%2F%2Fwww.facebook.com%2FSaliBerisha%2Fvideos%2F1421649799040262%2F&amp;show_text=false&amp;width=323&amp;t=0\" width=\"323\" height=\"476\" frameborder=\"0\" scrolling=\"no\" allowfullscreen=\"allowfullscreen\" data-mce-fragment=\"1\"><\/iframe><\/em><\/p>\n<p>Sipas Berish\u00ebs, kjo deklarat\u00eb u b\u00eb n\u00eb nj\u00eb takim me banor\u00ebt e zon\u00ebs para zgjedhjeve dhe p\u00ebrmban nj\u00eb mesazh t\u00eb qart\u00eb sigurie dhe inkurajimi p\u00ebr investime n\u00eb turiz\u00ebm dhe mikpritje lokale n\u00eb Theth. Por, menj\u00ebher\u00eb pas dat\u00ebs 11-maj, qeveria nisi prishjen e nd\u00ebrtimeve t\u00eb banor\u00ebve, duke i konsideruar ato si t\u00eb jasht\u00ebligjshme.<\/p>\n<p><em>\u201cRama u premtoi investime, iu b\u00ebri thirrje banor\u00ebve t\u00eb rikthejn\u00eb kursimet nga emigracioni n\u00eb vendlindje, dhe sapo mbaroi puna me votat, u nguli thik\u00ebn pas shpine. U prishi djers\u00ebn, mundin dhe sht\u00ebpit\u00eb\u201d<\/em> , thuhet n\u00eb video.<\/p>\n<p>Kjo ngjarje ka ngjallur reagime t\u00eb shumta n\u00eb rrjetet sociale, ve\u00e7an\u00ebrisht nga banor\u00ebt e zon\u00ebs ku jan\u00eb\u00a0shprehur se ndihen\u00a0t\u00eb shqet\u00ebsuar p\u00ebr m\u00ebnyr\u00ebn selektive dhe t\u00eb papritur t\u00eb nd\u00ebrhyrjes s\u00eb shtetit, nd\u00ebrkoh\u00eb q\u00eb p\u00ebr vite me radh\u00eb kan\u00eb k\u00ebrkuar legalizim dhe mb\u00ebshtetje p\u00ebr zhvillimin e turizmit familjar n\u00eb Theth.<\/p>\n<\/div>\n","protected":false},"excerpt":{"rendered":"<p>Lideri i opozit\u00ebs, Sali Berisha, ka publikuar nj\u00eb video n\u00eb rrjetin social Facebook, ku akuzon Edi Ram\u00ebn p\u00ebr mashtrim dhe tradhti ndaj banor\u00ebve t\u00eb Thethit. N\u00eb postimin e tij, Berisha thekson se Rama, p\u00ebrpara dat\u00ebs 11 maj 2025, ka dh\u00ebn\u00eb premtime publike p\u00ebr mb\u00ebshtetje dhe investime n\u00eb zon\u00eb, por menj\u00ebher\u00eb pas k\u00ebsaj date, ka nisur &hellip;<\/p>\n","protected":false},"author":4,"featured_media":119024,"comment_status":"closed","ping_status":"closed","sticky":false,"template":"","format":"standard","meta":{"footnotes":""},"categories":[37],"tags":[],"class_list":["post-119023","post","type-post","status-publish","format-standard","has-post-thumbnail","","category-politike"],"_links":{"self":[{"href":"https:\/\/rdnews.al\/index.php\/wp-json\/wp\/v2\/posts\/119023","targetHints":{"allow":["GET"]}}],"collection":[{"href":"https:\/\/rdnews.al\/index.php\/wp-json\/wp\/v2\/posts"}],"about":[{"href":"https:\/\/rdnews.al\/index.php\/wp-json\/wp\/v2\/types\/post"}],"author":[{"embeddable":true,"href":"https:\/\/rdnews.al\/index.php\/wp-json\/wp\/v2\/users\/4"}],"replies":[{"embeddable":true,"href":"https:\/\/rdnews.al\/index.php\/wp-json\/wp\/v2\/comments?post=119023"}],"version-history":[{"count":2,"href":"https:\/\/rdnews.al\/index.php\/wp-json\/wp\/v2\/posts\/119023\/revisions"}],"predecessor-version":[{"id":119026,"href":"https:\/\/rdnews.al\/index.php\/wp-json\/wp\/v2\/posts\/119023\/revisions\/119026"}],"wp:featuredmedia":[{"embeddable":true,"href":"https:\/\/rdnews.al\/index.php\/wp-json\/wp\/v2\/media\/119024"}],"wp:attachment":[{"href":"https:\/\/rdnews.al\/index.php\/wp-json\/wp\/v2\/media?parent=119023"}],"wp:term":[{"taxonomy":"category","embeddable":true,"href":"https:\/\/rdnews.al\/index.php\/wp-json\/wp\/v2\/categories?post=119023"},{"taxonomy":"post_tag","embeddable":true,"href":"https:\/\/rdnews.al\/index.php\/wp-json\/wp\/v2\/tags?post=119023"}],"curies":[{"name":"wp","href":"https:\/\/api.w.org\/{rel}","templated":true}]}}