{"id":119031,"date":"2025-07-15T09:32:31","date_gmt":"2025-07-15T09:32:31","guid":{"rendered":"https:\/\/rdnews.al\/?p=119031"},"modified":"2025-07-15T09:32:31","modified_gmt":"2025-07-15T09:32:31","slug":"terrori-ne-theth-godina-rrethohet-me-tritol-pronari-duan-te-na-fundosin-vetem-pse-nuk-duam-edi-ramen","status":"publish","type":"post","link":"https:\/\/rdnews.al\/index.php\/2025\/07\/15\/terrori-ne-theth-godina-rrethohet-me-tritol-pronari-duan-te-na-fundosin-vetem-pse-nuk-duam-edi-ramen\/","title":{"rendered":"Terrori n\u00eb Theth\/ Godina rrethohet me tritol, pronari: Duan t\u00eb na fundosin vet\u00ebm pse nuk duam Edi Ram\u00ebn!"},"content":{"rendered":"<p>Forca t\u00eb shumta policie kan\u00eb rrethuar k\u00ebt\u00eb t\u00eb mart\u00eb nj\u00eb godin\u00eb trekat\u00ebshe n\u00eb Theth. Objekti do pritet t\u00eb sh\u00ebmbet p\u00ebrmes nj\u00eb shp\u00ebrthimi t\u00eb telekomanduar me l\u00ebnd\u00eb plas\u00ebse.-<\/p>\n<p>N\u00eb nj\u00eb prononcim p\u00ebr Euronews Albania, pronari i objektit u shpreh i indinjuar p\u00ebr metod\u00ebn e p\u00ebrdorur, duke th\u00ebn\u00eb se vendimi p\u00ebr shkat\u00ebrrimin e godin\u00ebs \u00ebsht\u00eb marr\u00eb me urdh\u00ebr politik. Sipas tij p\u00ebrdorimi i tritolit \u00ebsht\u00eb nj\u00eb mesazh q\u00eb \u201cfamiljen tuaj ne duam ta fundosim\u201d.<\/p>\n<p>\u201cN\u00eb Theth, q\u00eb kur ka lindur Krishti, terror t\u00eb till\u00eb nuk ka par\u00eb. Nuk na ka njoftuar njeri p\u00ebr p\u00ebrdorimin e tritolit. Kjo shembet me nj\u00eb fadrom\u00eb, por tritolin e p\u00ebrdorin p\u00ebr t\u00eb treguar se k\u00ebt\u00eb sht\u00ebpi duan ta fundosin. Vet\u00ebm se nuk duam Edi Ram\u00ebn.<\/p>\n<p>Asnj\u00eb send tjet\u00ebr nuk \u00ebsht\u00eb k\u00ebtu, i ka shok\u00ebt e vet q\u00eb i \u00e7ojn\u00eb mesazhe ore e minut\u00eb, por ne nuk kemi problem as me t\u00eb e as me oligark\u00ebt e tij. Kemi jetuar me djers\u00ebn e ballit, nuk na ka z\u00ebn\u00eb njeri n\u00eb drog\u00eb, n\u00eb vjedhje apo n\u00eb posht\u00ebrsi. Duam t\u00eb jetojm\u00eb me forcat tona n\u00eb tok\u00ebn ton\u00eb\u201d, u shpreh pronari.<\/p>\n<p><img loading=\"lazy\" decoding=\"async\" class=\"alignnone size-medium wp-image-119033\" src=\"https:\/\/rdnews.al\/wp-content\/uploads\/2025\/07\/the-300x180.png\" alt=\"\" width=\"300\" height=\"180\" srcset=\"https:\/\/rdnews.al\/wp-content\/uploads\/2025\/07\/the-300x180.png 300w, https:\/\/rdnews.al\/wp-content\/uploads\/2025\/07\/the.png 640w\" sizes=\"auto, (max-width: 300px) 100vw, 300px\" \/><\/p>\n","protected":false},"excerpt":{"rendered":"<p>Forca t\u00eb shumta policie kan\u00eb rrethuar k\u00ebt\u00eb t\u00eb mart\u00eb nj\u00eb godin\u00eb trekat\u00ebshe n\u00eb Theth. Objekti do pritet t\u00eb sh\u00ebmbet p\u00ebrmes nj\u00eb shp\u00ebrthimi t\u00eb telekomanduar me l\u00ebnd\u00eb plas\u00ebse.- N\u00eb nj\u00eb prononcim p\u00ebr Euronews Albania, pronari i objektit u shpreh i indinjuar p\u00ebr metod\u00ebn e p\u00ebrdorur, duke th\u00ebn\u00eb se vendimi p\u00ebr shkat\u00ebrrimin e godin\u00ebs \u00ebsht\u00eb marr\u00eb me &hellip;<\/p>\n","protected":false},"author":4,"featured_media":119012,"comment_status":"closed","ping_status":"closed","sticky":false,"template":"","format":"standard","meta":{"footnotes":""},"categories":[37],"tags":[],"class_list":["post-119031","post","type-post","status-publish","format-standard","has-post-thumbnail","","category-politike"],"_links":{"self":[{"href":"https:\/\/rdnews.al\/index.php\/wp-json\/wp\/v2\/posts\/119031","targetHints":{"allow":["GET"]}}],"collection":[{"href":"https:\/\/rdnews.al\/index.php\/wp-json\/wp\/v2\/posts"}],"about":[{"href":"https:\/\/rdnews.al\/index.php\/wp-json\/wp\/v2\/types\/post"}],"author":[{"embeddable":true,"href":"https:\/\/rdnews.al\/index.php\/wp-json\/wp\/v2\/users\/4"}],"replies":[{"embeddable":true,"href":"https:\/\/rdnews.al\/index.php\/wp-json\/wp\/v2\/comments?post=119031"}],"version-history":[{"count":1,"href":"https:\/\/rdnews.al\/index.php\/wp-json\/wp\/v2\/posts\/119031\/revisions"}],"predecessor-version":[{"id":119034,"href":"https:\/\/rdnews.al\/index.php\/wp-json\/wp\/v2\/posts\/119031\/revisions\/119034"}],"wp:featuredmedia":[{"embeddable":true,"href":"https:\/\/rdnews.al\/index.php\/wp-json\/wp\/v2\/media\/119012"}],"wp:attachment":[{"href":"https:\/\/rdnews.al\/index.php\/wp-json\/wp\/v2\/media?parent=119031"}],"wp:term":[{"taxonomy":"category","embeddable":true,"href":"https:\/\/rdnews.al\/index.php\/wp-json\/wp\/v2\/categories?post=119031"},{"taxonomy":"post_tag","embeddable":true,"href":"https:\/\/rdnews.al\/index.php\/wp-json\/wp\/v2\/tags?post=119031"}],"curies":[{"name":"wp","href":"https:\/\/api.w.org\/{rel}","templated":true}]}}