{"id":119040,"date":"2025-07-15T11:26:38","date_gmt":"2025-07-15T11:26:38","guid":{"rendered":"https:\/\/rdnews.al\/?p=119040"},"modified":"2025-07-15T11:27:48","modified_gmt":"2025-07-15T11:27:48","slug":"qytetaret-e-elbasanit-kerkojne-drejtesi-pas-ndotjes-nga-zjarri-ne-fushen-e-mbetjeve-padisin-bashkine-dhe-eco-elb","status":"publish","type":"post","link":"https:\/\/rdnews.al\/index.php\/2025\/07\/15\/qytetaret-e-elbasanit-kerkojne-drejtesi-pas-ndotjes-nga-zjarri-ne-fushen-e-mbetjeve-padisin-bashkine-dhe-eco-elb\/","title":{"rendered":"Ndotja nga zjarri n\u00eb fush\u00ebn e mbetjeve\/ Qytetar\u00ebt e Elbasanit k\u00ebrkojn\u00eb drejt\u00ebsi, padisin Bashkin\u00eb dhe \u201cEco-Elb\u201d"},"content":{"rendered":"<p>Dy jav\u00eb nga zjarri q\u00eb p\u00ebrfshiu fush\u00ebn e mbetjeve n\u00eb Elbasan dhe n\u00eb aj\u00ebr u \u00e7lirua aj\u00ebr toksik,dy qytetar\u00eb nga Elbasani depozituan k\u00ebt\u00eb t\u00eb mart\u00eb n\u00eb Gjykat\u00eb nj\u00eb padi civile kund\u00ebr shoq\u00ebris\u00eb \u201cEco-Elb\u201d dhe Bashkis\u00eb s\u00eb Elbasanit, me akuz\u00ebn p\u00ebr cenim t\u00eb r\u00ebnd\u00eb t\u00eb mjedisit dhe sh\u00ebndetit publik si pasoj\u00eb e zjarrit t\u00eb ndodhur m\u00eb 1 korrik.<\/p>\n<p>Fatmira Sejrani, 63 vje\u00e7, e s\u00ebmur\u00eb prej 15 vitesh nga asma bronkiale, e lidh s\u00ebmundjen e saj drejtp\u00ebrdrejt me ndotjen katastrofike t\u00eb ajrit n\u00eb qytetin e Elbasanit.<\/p>\n<p>Gruaja thot\u00eb se gjat\u00eb dit\u00ebve t\u00eb zjarrit ajo u detyrua ta p\u00ebrdorte pomp\u00ebn disa her\u00eb n\u00eb dit\u00eb, p\u00ebrkund\u00ebr dy her\u00eb q\u00eb e p\u00ebrdor n\u00eb dit\u00eb t\u00eb zakonshne.<\/p>\n<p>Aktivisti dhe juristi Gentian Sejrani i cili p\u00ebrfaq\u00ebson Fatmira Sejrani n\u00eb k\u00ebt\u00eb betej\u00eb ligjore, shprehet se nuk do t\u00eb lejojm\u00eb q\u00eb ndot\u00ebsit t\u00eb fshihen m\u00eb pas heshtjes. Eco Elb, Bashkia Elbasan dhe t\u00eb gjith\u00eb subjektet industriale ndot\u00ebs n\u00eb k\u00ebt\u00eb nj\u00ebsi vendore duhet t\u00eb mbajn\u00eb p\u00ebrgjegj\u00ebsi.<\/p>\n<p>Rasti synon t\u00eb vendos\u00eb nj\u00eb precedent p\u00ebr mbrojtjen ligjore t\u00eb t\u00eb drejtave mjedisore dhe p\u00ebr t\u2019u dh\u00ebn\u00eb z\u00eb qytetar\u00ebve q\u00eb p\u00ebrballen \u00e7do dit\u00eb me pasojat e ndotjes.<\/p>\n","protected":false},"excerpt":{"rendered":"<p>Dy jav\u00eb nga zjarri q\u00eb p\u00ebrfshiu fush\u00ebn e mbetjeve n\u00eb Elbasan dhe n\u00eb aj\u00ebr u \u00e7lirua aj\u00ebr toksik,dy qytetar\u00eb nga Elbasani depozituan k\u00ebt\u00eb t\u00eb mart\u00eb n\u00eb Gjykat\u00eb nj\u00eb padi civile kund\u00ebr shoq\u00ebris\u00eb \u201cEco-Elb\u201d dhe Bashkis\u00eb s\u00eb Elbasanit, me akuz\u00ebn p\u00ebr cenim t\u00eb r\u00ebnd\u00eb t\u00eb mjedisit dhe sh\u00ebndetit publik si pasoj\u00eb e zjarrit t\u00eb ndodhur m\u00eb &hellip;<\/p>\n","protected":false},"author":4,"featured_media":118432,"comment_status":"closed","ping_status":"closed","sticky":false,"template":"","format":"standard","meta":{"footnotes":""},"categories":[37],"tags":[],"class_list":["post-119040","post","type-post","status-publish","format-standard","has-post-thumbnail","","category-politike"],"_links":{"self":[{"href":"https:\/\/rdnews.al\/index.php\/wp-json\/wp\/v2\/posts\/119040","targetHints":{"allow":["GET"]}}],"collection":[{"href":"https:\/\/rdnews.al\/index.php\/wp-json\/wp\/v2\/posts"}],"about":[{"href":"https:\/\/rdnews.al\/index.php\/wp-json\/wp\/v2\/types\/post"}],"author":[{"embeddable":true,"href":"https:\/\/rdnews.al\/index.php\/wp-json\/wp\/v2\/users\/4"}],"replies":[{"embeddable":true,"href":"https:\/\/rdnews.al\/index.php\/wp-json\/wp\/v2\/comments?post=119040"}],"version-history":[{"count":2,"href":"https:\/\/rdnews.al\/index.php\/wp-json\/wp\/v2\/posts\/119040\/revisions"}],"predecessor-version":[{"id":119042,"href":"https:\/\/rdnews.al\/index.php\/wp-json\/wp\/v2\/posts\/119040\/revisions\/119042"}],"wp:featuredmedia":[{"embeddable":true,"href":"https:\/\/rdnews.al\/index.php\/wp-json\/wp\/v2\/media\/118432"}],"wp:attachment":[{"href":"https:\/\/rdnews.al\/index.php\/wp-json\/wp\/v2\/media?parent=119040"}],"wp:term":[{"taxonomy":"category","embeddable":true,"href":"https:\/\/rdnews.al\/index.php\/wp-json\/wp\/v2\/categories?post=119040"},{"taxonomy":"post_tag","embeddable":true,"href":"https:\/\/rdnews.al\/index.php\/wp-json\/wp\/v2\/tags?post=119040"}],"curies":[{"name":"wp","href":"https:\/\/api.w.org\/{rel}","templated":true}]}}