{"id":119045,"date":"2025-07-15T11:37:24","date_gmt":"2025-07-15T11:37:24","guid":{"rendered":"https:\/\/rdnews.al\/?p=119045"},"modified":"2025-07-15T11:37:24","modified_gmt":"2025-07-15T11:37:24","slug":"kryebashkiaku-nuk-i-bindet-per-shkarkimin-e-drejtoreve-rama-e-kercenon-me-doreheqje","status":"publish","type":"post","link":"https:\/\/rdnews.al\/index.php\/2025\/07\/15\/kryebashkiaku-nuk-i-bindet-per-shkarkimin-e-drejtoreve-rama-e-kercenon-me-doreheqje\/","title":{"rendered":"Kryebashkiaku nuk i bindet p\u00ebr shkarkimin e drejtor\u00ebve, Rama e k\u00ebrc\u00ebnon me dor\u00ebheqje!"},"content":{"rendered":"<p>Kryebashkiaku i Konispolit, Ergest Dule, raportohet se ka refuzuar t\u00eb shkarkoj\u00eb drejtor\u00ebt e tij. Dule ka mbrojtur stafin, duke deklaruar se b\u00ebhet fjal\u00eb p\u00ebr t\u00eb rinj t\u00eb aft\u00eb dhe profesionist\u00eb.<\/p>\n<p>Ky q\u00ebndrim ka sjell\u00eb p\u00ebrplasjen me kryeministrin Rama, i cili raportohet se i \u00ebsht\u00eb drejtuar Dules me fjal\u00ebt:\u00a0<em>\u201cJepe ti dor\u00ebheqjen, n\u00ebse nuk i shkarkon ata\u201d<\/em><em>.<\/em><\/p>\n<p>N\u00eb Bashkin\u00eb e Konsipolit, deri m\u00eb tani, kan\u00eb dh\u00ebn\u00eb dor\u00ebheqjen vet\u00ebm dy n\u00ebnkryetar\u00eb dhe disa administrator\u00eb, nd\u00ebrsa drejtuesit e drejtorive vijojn\u00eb t\u00eb jen\u00eb n\u00eb detyr\u00eb.<\/p>\n","protected":false},"excerpt":{"rendered":"<p>Kryebashkiaku i Konispolit, Ergest Dule, raportohet se ka refuzuar t\u00eb shkarkoj\u00eb drejtor\u00ebt e tij. Dule ka mbrojtur stafin, duke deklaruar se b\u00ebhet fjal\u00eb p\u00ebr t\u00eb rinj t\u00eb aft\u00eb dhe profesionist\u00eb. Ky q\u00ebndrim ka sjell\u00eb p\u00ebrplasjen me kryeministrin Rama, i cili raportohet se i \u00ebsht\u00eb drejtuar Dules me fjal\u00ebt:\u00a0\u201cJepe ti dor\u00ebheqjen, n\u00ebse nuk i shkarkon ata\u201d. &hellip;<\/p>\n","protected":false},"author":4,"featured_media":119046,"comment_status":"closed","ping_status":"closed","sticky":false,"template":"","format":"standard","meta":{"footnotes":""},"categories":[37],"tags":[],"class_list":["post-119045","post","type-post","status-publish","format-standard","has-post-thumbnail","","category-politike"],"_links":{"self":[{"href":"https:\/\/rdnews.al\/index.php\/wp-json\/wp\/v2\/posts\/119045","targetHints":{"allow":["GET"]}}],"collection":[{"href":"https:\/\/rdnews.al\/index.php\/wp-json\/wp\/v2\/posts"}],"about":[{"href":"https:\/\/rdnews.al\/index.php\/wp-json\/wp\/v2\/types\/post"}],"author":[{"embeddable":true,"href":"https:\/\/rdnews.al\/index.php\/wp-json\/wp\/v2\/users\/4"}],"replies":[{"embeddable":true,"href":"https:\/\/rdnews.al\/index.php\/wp-json\/wp\/v2\/comments?post=119045"}],"version-history":[{"count":1,"href":"https:\/\/rdnews.al\/index.php\/wp-json\/wp\/v2\/posts\/119045\/revisions"}],"predecessor-version":[{"id":119047,"href":"https:\/\/rdnews.al\/index.php\/wp-json\/wp\/v2\/posts\/119045\/revisions\/119047"}],"wp:featuredmedia":[{"embeddable":true,"href":"https:\/\/rdnews.al\/index.php\/wp-json\/wp\/v2\/media\/119046"}],"wp:attachment":[{"href":"https:\/\/rdnews.al\/index.php\/wp-json\/wp\/v2\/media?parent=119045"}],"wp:term":[{"taxonomy":"category","embeddable":true,"href":"https:\/\/rdnews.al\/index.php\/wp-json\/wp\/v2\/categories?post=119045"},{"taxonomy":"post_tag","embeddable":true,"href":"https:\/\/rdnews.al\/index.php\/wp-json\/wp\/v2\/tags?post=119045"}],"curies":[{"name":"wp","href":"https:\/\/api.w.org\/{rel}","templated":true}]}}