{"id":119054,"date":"2025-07-15T12:09:12","date_gmt":"2025-07-15T12:09:12","guid":{"rendered":"https:\/\/rdnews.al\/?p=119054"},"modified":"2025-07-15T12:09:12","modified_gmt":"2025-07-15T12:09:12","slug":"berisha-hetimi-per-fondet-e-ipard-eshte-bllokuar-nga-skapi-i-partise-duart-e-zeza-te-rames-te-shtrira-mbi-fondet-e-qytetareve-europiane","status":"publish","type":"post","link":"https:\/\/rdnews.al\/index.php\/2025\/07\/15\/berisha-hetimi-per-fondet-e-ipard-eshte-bllokuar-nga-skapi-i-partise-duart-e-zeza-te-rames-te-shtrira-mbi-fondet-e-qytetareve-europiane\/","title":{"rendered":"Berisha: Hetimi p\u00ebr fondet e IPARD \u00ebsht\u00eb bllokuar nga Skapi i partis\u00eb! Duart e zeza t\u00eb Ram\u00ebs t\u00eb shtrira mbi fondet e qytetar\u00ebve europian\u00eb"},"content":{"rendered":"<p>Kreu i PD, Sali Berisha, akuzoi SPAK-un p\u00ebr mbrojtje politike t\u00eb afer\u00ebs me fondet IPARD, t\u00eb cilat, sipas tij, jan\u00eb grabitur p\u00ebrpara zgjedhjeve dhe m\u00eb pas hetimi \u00ebsht\u00eb bllokuar.<\/p>\n<p>Berisha deklaroi se, duart e zeza t\u00eb Edi Ram\u00ebs jan\u00eb shtrir\u00eb edhe mbi fondet europiane, nd\u00ebrsa ish-ministrja Frida Krifca, e p\u00ebrmendur n\u00eb skandal, \u00ebsht\u00eb sot k\u00ebshilltare e ngusht\u00eb e kryeministrit.<\/p>\n<p>\u201cFondet e IPARD u grabit\u00ebn para fushat\u00ebs elektorale, si\u00e7 e dini ju. Dhe fondet e IPARD i bllokoi krejt\u00ebsisht Komisioni Europian.<\/p>\n<p>Ajo \u00e7\u00ebshtje \u00ebsht\u00eb, gjoja n\u00eb hetim, por ajo \u00ebsht\u00eb nj\u00eb \u00e7\u00ebshtje jasht\u00ebzakonisht e r\u00ebnd\u00eb, e cila \u00ebsht\u00eb akuzuar nga Skapi i partis\u00eb dhe si\u00e7 e dini ju, Krifca e famshme \u00ebsht\u00eb k\u00ebshilltarja m\u00eb e af\u00ebrt e Edi Ram\u00ebs, mbasi duket se edhe duart e tij t\u00eb zeza, jan\u00eb shtrir\u00eb mbi fondet e qytetar\u00ebve europian\u00eb, kurse k\u00ebto jan\u00eb t\u00eb gjitha fonde t\u00eb buxhetit t\u00eb shtetit\u201d, tha Berisha.<\/p>\n","protected":false},"excerpt":{"rendered":"<p>Kreu i PD, Sali Berisha, akuzoi SPAK-un p\u00ebr mbrojtje politike t\u00eb afer\u00ebs me fondet IPARD, t\u00eb cilat, sipas tij, jan\u00eb grabitur p\u00ebrpara zgjedhjeve dhe m\u00eb pas hetimi \u00ebsht\u00eb bllokuar. Berisha deklaroi se, duart e zeza t\u00eb Edi Ram\u00ebs jan\u00eb shtrir\u00eb edhe mbi fondet europiane, nd\u00ebrsa ish-ministrja Frida Krifca, e p\u00ebrmendur n\u00eb skandal, \u00ebsht\u00eb sot k\u00ebshilltare &hellip;<\/p>\n","protected":false},"author":4,"featured_media":119055,"comment_status":"closed","ping_status":"closed","sticky":false,"template":"","format":"standard","meta":{"footnotes":""},"categories":[37],"tags":[],"class_list":["post-119054","post","type-post","status-publish","format-standard","has-post-thumbnail","","category-politike"],"_links":{"self":[{"href":"https:\/\/rdnews.al\/index.php\/wp-json\/wp\/v2\/posts\/119054","targetHints":{"allow":["GET"]}}],"collection":[{"href":"https:\/\/rdnews.al\/index.php\/wp-json\/wp\/v2\/posts"}],"about":[{"href":"https:\/\/rdnews.al\/index.php\/wp-json\/wp\/v2\/types\/post"}],"author":[{"embeddable":true,"href":"https:\/\/rdnews.al\/index.php\/wp-json\/wp\/v2\/users\/4"}],"replies":[{"embeddable":true,"href":"https:\/\/rdnews.al\/index.php\/wp-json\/wp\/v2\/comments?post=119054"}],"version-history":[{"count":1,"href":"https:\/\/rdnews.al\/index.php\/wp-json\/wp\/v2\/posts\/119054\/revisions"}],"predecessor-version":[{"id":119056,"href":"https:\/\/rdnews.al\/index.php\/wp-json\/wp\/v2\/posts\/119054\/revisions\/119056"}],"wp:featuredmedia":[{"embeddable":true,"href":"https:\/\/rdnews.al\/index.php\/wp-json\/wp\/v2\/media\/119055"}],"wp:attachment":[{"href":"https:\/\/rdnews.al\/index.php\/wp-json\/wp\/v2\/media?parent=119054"}],"wp:term":[{"taxonomy":"category","embeddable":true,"href":"https:\/\/rdnews.al\/index.php\/wp-json\/wp\/v2\/categories?post=119054"},{"taxonomy":"post_tag","embeddable":true,"href":"https:\/\/rdnews.al\/index.php\/wp-json\/wp\/v2\/tags?post=119054"}],"curies":[{"name":"wp","href":"https:\/\/api.w.org\/{rel}","templated":true}]}}