{"id":119060,"date":"2025-07-15T15:59:30","date_gmt":"2025-07-15T15:59:30","guid":{"rendered":"https:\/\/rdnews.al\/?p=119060"},"modified":"2025-07-15T15:59:30","modified_gmt":"2025-07-15T15:59:30","slug":"delegacioni-i-bundestagut-gjerman-ne-zyren-e-berishes","status":"publish","type":"post","link":"https:\/\/rdnews.al\/index.php\/2025\/07\/15\/delegacioni-i-bundestagut-gjerman-ne-zyren-e-berishes\/","title":{"rendered":"Delegacioni i Bundestagut gjerman n\u00eb zyr\u00ebn e Berish\u00ebs"},"content":{"rendered":"<p><strong>Postimi i Kryetarit t\u00eb PD, Sali Berisha<\/strong><\/p>\n<p>Takim me deputet\u00ebt e Bundestagut gjerman: farsa e 11 majit rr\u00ebzohet vet\u00ebm kur t\u00eb ndryshoj\u00eb modeli q\u00eb ka ngritur Edi Rama<\/p>\n<p>K\u00ebnaq\u00ebsi t\u00eb prisja n\u00eb nj\u00eb takim deputet\u00ebt gjerman\u00eb, Tilman Kuban, an\u00ebtar i Komisionit p\u00ebr \u00c7\u00ebshtjet e BE-s\u00eb- dhe Z\u00ebdh\u00ebn\u00ebs p\u00ebr \u00c7\u00ebshtjet Evropiane i Grupit Parlamentar CDU\/CSU n\u00eb Bundestag- si edhe Dr. David Preisendanz, an\u00ebtar i Komisionit p\u00ebr \u00c7\u00ebshtjet e BE-s\u00eb.<\/p>\n<p>Vizita e tyre n\u00eb Tiran\u00eb \u00ebsht\u00eb nj\u00eb d\u00ebshmi e v\u00ebmendjes s\u00eb madhe t\u00eb Qeveris\u00eb Gjermane dhe t\u00eb kancelarit Merz n\u00eb drejtim t\u00eb zgjerimit evropian drejt Shqip\u00ebris\u00eb dhe Ballkanit per\u00ebndimor. Misionet faktmbledh\u00ebse t\u00eb Bundestagut, n\u00eb rajon dhe n\u00eb Shqip\u00ebri, n\u00eb vler\u00ebsimin tim kan\u00eb qen\u00eb t\u00eb mir\u00ebpritura dhe shum\u00eb t\u00eb dobishme.<\/p>\n<p>Gjat\u00eb takimit shk\u00ebmbyem detaje mbi fars\u00ebn elektorale t\u00eb 11 majit 2025, p\u00ebrdorimin e t\u00eb gjitha burimeve shtet\u00ebrore nga qeveria n\u00eb fushat\u00eb, duke rikthyer koh\u00ebrat e dikurshme t\u00eb partis\u00eb-shtet.<\/p>\n<p>Dy deputet\u00ebve t\u00eb nderuar gjerman\u00eb u p\u00ebrshkrova modelin autoritar t\u00eb regjimit, dhe se si Edi Rama ka nd\u00ebrtuar t\u00eb parin dhe te vetmin narkoshtet n\u00eb Europ\u00eb, q\u00eb prej ardhjes s\u00eb tij n\u00eb pushtet n\u00eb vitin 2013. Kartelet shqiptare kan\u00eb arritur tanim\u00eb t\u00eb kthehen, fal\u00eb tij, n\u00eb organizatat kryesore t\u00eb kontrollit t\u00eb trafiqeve nga Amerika Latine dhe Lindja, e deri n\u00eb portet kryesore t\u00eb Europ\u00ebs. Nj\u00eb realitet i kriminalizuar dhe i korruptuar \u00ebsht\u00eb n\u00eb baz\u00eb t\u00eb eksodit masiv t\u00eb shqiptar\u00ebve, q\u00eb varf\u00ebrohen dita dit\u00ebs q\u00eb t\u00eb forcohet narko-shteti i Ram\u00ebs.<\/p>\n<p>Pa ndryshuar ky model, Shqip\u00ebria nuk do t\u00eb jet\u00eb kurr\u00eb n\u00eb gjendje t\u00eb zhvilloj\u00eb zgjedhje t\u00eb lira e t\u00eb ndershme.<\/p>\n<p>N\u00eb p\u00ebrmbyllje, e mir\u00ebprita mund\u00ebsin\u00eb e organizimit t\u00eb nj\u00eb misioni fakt-mbledh\u00ebs nga Bundestagu gjerman, duke rikujtuar q\u00eb gjetjet dhe dokumentat e Parlamentit gjerman mbi Shqip\u00ebrin\u00eb n\u00eb vitet e shkuara kan\u00eb qen\u00eb gjithmon\u00eb tejet t\u00eb sakta dhe baza solide p\u00ebr raporte edhe m\u00eb t\u00eb qen\u00ebsish\u00ebm.<\/p>\n","protected":false},"excerpt":{"rendered":"<p>Postimi i Kryetarit t\u00eb PD, Sali Berisha Takim me deputet\u00ebt e Bundestagut gjerman: farsa e 11 majit rr\u00ebzohet vet\u00ebm kur t\u00eb ndryshoj\u00eb modeli q\u00eb ka ngritur Edi Rama K\u00ebnaq\u00ebsi t\u00eb prisja n\u00eb nj\u00eb takim deputet\u00ebt gjerman\u00eb, Tilman Kuban, an\u00ebtar i Komisionit p\u00ebr \u00c7\u00ebshtjet e BE-s\u00eb- dhe Z\u00ebdh\u00ebn\u00ebs p\u00ebr \u00c7\u00ebshtjet Evropiane i Grupit Parlamentar CDU\/CSU n\u00eb &hellip;<\/p>\n","protected":false},"author":3,"featured_media":119061,"comment_status":"closed","ping_status":"closed","sticky":false,"template":"","format":"standard","meta":{"footnotes":""},"categories":[37],"tags":[],"class_list":["post-119060","post","type-post","status-publish","format-standard","has-post-thumbnail","","category-politike"],"_links":{"self":[{"href":"https:\/\/rdnews.al\/index.php\/wp-json\/wp\/v2\/posts\/119060","targetHints":{"allow":["GET"]}}],"collection":[{"href":"https:\/\/rdnews.al\/index.php\/wp-json\/wp\/v2\/posts"}],"about":[{"href":"https:\/\/rdnews.al\/index.php\/wp-json\/wp\/v2\/types\/post"}],"author":[{"embeddable":true,"href":"https:\/\/rdnews.al\/index.php\/wp-json\/wp\/v2\/users\/3"}],"replies":[{"embeddable":true,"href":"https:\/\/rdnews.al\/index.php\/wp-json\/wp\/v2\/comments?post=119060"}],"version-history":[{"count":1,"href":"https:\/\/rdnews.al\/index.php\/wp-json\/wp\/v2\/posts\/119060\/revisions"}],"predecessor-version":[{"id":119062,"href":"https:\/\/rdnews.al\/index.php\/wp-json\/wp\/v2\/posts\/119060\/revisions\/119062"}],"wp:featuredmedia":[{"embeddable":true,"href":"https:\/\/rdnews.al\/index.php\/wp-json\/wp\/v2\/media\/119061"}],"wp:attachment":[{"href":"https:\/\/rdnews.al\/index.php\/wp-json\/wp\/v2\/media?parent=119060"}],"wp:term":[{"taxonomy":"category","embeddable":true,"href":"https:\/\/rdnews.al\/index.php\/wp-json\/wp\/v2\/categories?post=119060"},{"taxonomy":"post_tag","embeddable":true,"href":"https:\/\/rdnews.al\/index.php\/wp-json\/wp\/v2\/tags?post=119060"}],"curies":[{"name":"wp","href":"https:\/\/api.w.org\/{rel}","templated":true}]}}