{"id":119063,"date":"2025-07-15T16:21:58","date_gmt":"2025-07-15T16:21:58","guid":{"rendered":"https:\/\/rdnews.al\/?p=119063"},"modified":"2025-07-15T16:22:42","modified_gmt":"2025-07-15T16:22:42","slug":"te-drejtat-dhe-liria-nuk-falen-por-fitohen","status":"publish","type":"post","link":"https:\/\/rdnews.al\/index.php\/2025\/07\/15\/te-drejtat-dhe-liria-nuk-falen-por-fitohen\/","title":{"rendered":"T\u00eb drejtat dhe liria nuk falen, por fitohen!"},"content":{"rendered":"<p><strong>Franc NURI<\/strong><\/p>\n<p>Sot 14 korrik, \ud83c\uddeb\ud83c\uddf7Franca\ud83c\uddeb\ud83c\uddf7 feston Fest\u00ebn e saj Komb\u00ebtare kujtim i Revolucionit Francez, si dita e sulmit t\u00eb famsh\u00ebm t\u00eb Bastij\u00ebs n\u00eb 14 korrik 1789.<\/p>\n<p>Burgu i Bastij\u00ebs ishte simboli i dhun\u00ebs t\u00eb pushtetit absolut t\u00eb nj\u00eb njeriu t\u00eb vet\u00ebm, Mbretit, i cili konsiderohej me ligj si i d\u00ebrguar i Zotit n\u00eb tok\u00eb. Pas gati 1.000 vitesh pushtet Mbret\u00ebror n\u00eb Franc\u00eb, turmat e qytetar\u00ebve francezeve hap\u00ebn der\u00ebn e k\u00ebtij burgu t\u00eb padrejt\u00ebsive, i pren\u00eb kok\u00ebn drejtuesit t\u00eb burgut dhe shkallmuan \u00e7do gur t\u00eb asaj godine, q\u00eb p\u00ebrfaq\u00ebsonte abuzimin e pushtetit ndajqytetar\u00ebve.<\/p>\n<p>Ky akt guximi ndezi revolt\u00ebn q\u00eb \u00e7oi, kat\u00ebr vjet m\u00eb von\u00eb, n\u00eb 1893, n\u00eb gjyqin dhe prerjen e kok\u00ebs n\u00eb gijotin\u00eb t\u00eb Mbretit Luigji i XVI dhe kulmin e idealeve t\u00eb liris\u00eb, barazis\u00eb e v\u00ebllaz\u00ebris\u00eb.<\/p>\n<p>N\u00eb dit\u00ebn q\u00eb Franca feston Revolucionin dhe triumfin e popullit mbi tiranin\u00eb e pushtetit absolut, le t\u00eb na sh\u00ebrbej\u00eb si frym\u00ebzim p\u00ebr t\u00eb kuptuar t\u00eb gjith\u00eb se t\u00eb drejtat dhe liria nuk falen nga lart, por fitohen!<\/p>\n<p>\ud83c\uddeb\ud83c\uddf7Vive la R\u00e9publique, et vive la France!<\/p>\n","protected":false},"excerpt":{"rendered":"<p>Franc NURI Sot 14 korrik, \ud83c\uddeb\ud83c\uddf7Franca\ud83c\uddeb\ud83c\uddf7 feston Fest\u00ebn e saj Komb\u00ebtare kujtim i Revolucionit Francez, si dita e sulmit t\u00eb famsh\u00ebm t\u00eb Bastij\u00ebs n\u00eb 14 korrik 1789. Burgu i Bastij\u00ebs ishte simboli i dhun\u00ebs t\u00eb pushtetit absolut t\u00eb nj\u00eb njeriu t\u00eb vet\u00ebm, Mbretit, i cili konsiderohej me ligj si i d\u00ebrguar i Zotit n\u00eb tok\u00eb. &hellip;<\/p>\n","protected":false},"author":4,"featured_media":119064,"comment_status":"closed","ping_status":"closed","sticky":false,"template":"","format":"standard","meta":{"footnotes":""},"categories":[44],"tags":[],"class_list":["post-119063","post","type-post","status-publish","format-standard","has-post-thumbnail","","category-editorial"],"_links":{"self":[{"href":"https:\/\/rdnews.al\/index.php\/wp-json\/wp\/v2\/posts\/119063","targetHints":{"allow":["GET"]}}],"collection":[{"href":"https:\/\/rdnews.al\/index.php\/wp-json\/wp\/v2\/posts"}],"about":[{"href":"https:\/\/rdnews.al\/index.php\/wp-json\/wp\/v2\/types\/post"}],"author":[{"embeddable":true,"href":"https:\/\/rdnews.al\/index.php\/wp-json\/wp\/v2\/users\/4"}],"replies":[{"embeddable":true,"href":"https:\/\/rdnews.al\/index.php\/wp-json\/wp\/v2\/comments?post=119063"}],"version-history":[{"count":2,"href":"https:\/\/rdnews.al\/index.php\/wp-json\/wp\/v2\/posts\/119063\/revisions"}],"predecessor-version":[{"id":119066,"href":"https:\/\/rdnews.al\/index.php\/wp-json\/wp\/v2\/posts\/119063\/revisions\/119066"}],"wp:featuredmedia":[{"embeddable":true,"href":"https:\/\/rdnews.al\/index.php\/wp-json\/wp\/v2\/media\/119064"}],"wp:attachment":[{"href":"https:\/\/rdnews.al\/index.php\/wp-json\/wp\/v2\/media?parent=119063"}],"wp:term":[{"taxonomy":"category","embeddable":true,"href":"https:\/\/rdnews.al\/index.php\/wp-json\/wp\/v2\/categories?post=119063"},{"taxonomy":"post_tag","embeddable":true,"href":"https:\/\/rdnews.al\/index.php\/wp-json\/wp\/v2\/tags?post=119063"}],"curies":[{"name":"wp","href":"https:\/\/api.w.org\/{rel}","templated":true}]}}