{"id":119070,"date":"2025-07-15T16:32:46","date_gmt":"2025-07-15T16:32:46","guid":{"rendered":"https:\/\/rdnews.al\/?p=119070"},"modified":"2025-07-15T16:32:46","modified_gmt":"2025-07-15T16:32:46","slug":"spahia-thethi-nen-terror-shteteror-banoret-autoktone-po-debohen-me-tritol","status":"publish","type":"post","link":"https:\/\/rdnews.al\/index.php\/2025\/07\/15\/spahia-thethi-nen-terror-shteteror-banoret-autoktone-po-debohen-me-tritol\/","title":{"rendered":"Spahia: Thethi n\u00ebn terror shtet\u00ebror! Banor\u00ebt autokton\u00eb po d\u00ebbohen me tritol!"},"content":{"rendered":"<p>Deputeti i zgjedhur PD, Bardh Spahia, shembjen me tritol t\u00eb nj\u00eb nd\u00ebrtese n\u00eb Theth, e cil\u00ebson si nj\u00eb akt dhune t\u00eb paprecedent\u00eb ndaj banor\u00ebve autokton\u00eb t\u00eb zon\u00ebs.<\/p>\n<p>N\u00eb emisionin \u2018Task-Forc\u00eb\u2019 n\u00eb Syri TV, ai u shpreh se qeveria e Edi Ram\u00ebs po ushtron nj\u00eb terror t\u00eb past\u00ebr shtet\u00ebror mbi qytetar\u00ebt, t\u00eb cil\u00ebt po nd\u00ebshkohen n\u00eb m\u00ebnyr\u00eb t\u00eb padrejt\u00eb p\u00ebr munges\u00ebn e titujve t\u00eb pron\u00ebsis\u00eb, nj\u00eb problem q\u00eb ai ia atribuon vet\u00eb institucioneve shtet\u00ebrore. Spahia v\u00eb n\u00eb dukje se nd\u00ebrtesat e shembura jan\u00eb kryesisht banesa familjare, t\u00eb nd\u00ebrtuara p\u00ebr nevoja jetike.<\/p>\n<p>\u201cP\u00ebr fat t\u00eb keq, tanim\u00eb askush nuk habitet me metodat e Edi Ram\u00ebs, t\u00eb cilin jemi m\u00ebsuar ta shikojm\u00eb si kryeminist\u00ebr, si agjent tatimor, arkitekt, si urbanist, pra tanim\u00eb ka marr\u00eb rolin e atij q\u00eb vendos fatet e \u00e7do institucioni dhe automatikisht t\u00eb \u00e7do qytetari shqiptar.<\/p>\n<p>T\u00eb vjen keq teksa shikon k\u00ebto pamje, jan\u00eb edh intervista. Nj\u00eb prej tyre \u00ebsht\u00eb edhe pronari i asaj kulle q\u00eb u shemb sot me tritol, n\u00eb nj\u00eb akt demonstrimi dhune t\u00eb pakrahasueshme, t\u00eb paimagjinueshme ndaj nj\u00eb popullate krejt\u00ebsisht paq\u00ebsore. Kan\u00eb qen\u00eb gjat\u00eb gjith\u00eb k\u00ebtyre 10 dit\u00ebve. Komplet ajo zon\u00eb e Thethit, komplet banor\u00ebt n\u00eb nj\u00eb terror shtet\u00ebror absurd.<\/p>\n<p>B\u00ebhet fjal\u00eb p\u00ebr banor\u00eb autokton\u00eb, t\u00eb cil\u00ebt jan\u00eb dhunuar n\u00eb m\u00ebnyr\u00eb t\u00eb paimagjinueshme, jan\u00eb denigruar. Rikujtoj nj\u00ebher\u00eb k\u00ebtu edhe em\u00ebrtimin e k\u00ebtij operacioni, \u2018Tok\u00eb e Xanun\u2019, n\u00eb nj\u00eb territor ku askush nuk ka z\u00ebn\u00eb asnj\u00eb p\u00ebll\u00ebmb\u00eb tok\u00eb t\u00eb tjet\u00ebrkujt.<\/p>\n<p>Jan\u00eb t\u00eb gjith\u00eb banor\u00eb, familje q\u00eb me shum\u00eb v\u00ebshtir\u00ebsi ekonomike mundohen t\u00eb zhvillojn\u00eb pron\u00ebn e tyre t\u00eb trash\u00ebguar n\u00eb breza, pavar\u00ebsisht se u mungon titulli i pron\u00ebsis\u00eb. Jan\u00eb t\u00eb gjith\u00eb n\u00eb pronat e veta. Mungesa e titullit t\u00eb pron\u00ebsis\u00eb \u00ebsht\u00eb p\u00ebr faj t\u00eb shtetit dhe kjo duhet t\u00eb na b\u00ebj\u00eb t\u00eb reflektojm\u00eb t\u00eb gjith\u00eb.<\/p>\n<p>D\u00ebgjoj shpeshher\u00eb mediat e orientuara politikisht majtas, opinionit q\u00eb mundohen t\u00eb mbajn\u00eb krahun e qeveris\u00eb teksa etiketojn\u00eb apo tentojn\u00eb t\u00eb hedhin fajin tek banor\u00ebt.<\/p>\n<p>Ata jan\u00eb banor\u00eb n\u00eb nj\u00eb zon\u00eb ku kan\u00eb t\u00eb domosdoshme, e kan\u00eb jetike nevoj\u00ebn p\u00ebr t\u00eb nd\u00ebrtuar. Shumica prej tyre p\u00ebr hir t\u00eb s\u00eb v\u00ebrtet\u00ebs edhe si zgjerim i natyrsh\u00ebm i familjeve e kan\u00eb t\u00eb domosdoshme nd\u00ebrtimin e sht\u00ebpive. Pasi shumica d\u00ebrrmuese e k\u00ebtyre nd\u00ebrtesave jan\u00eb me objektivin primar, banesa dhe sigurisht brenda kontekstit t\u00eb banes\u00ebs si\u00e7 \u00ebsht\u00eb normale n\u00eb zona t\u00eb tilla, shpeshher\u00eb shfryt\u00ebzohen edhe si bujtina prit\u00ebse n\u00eb periudh\u00ebn e turizmit\u201d, tha Bardh Spahia.<\/p>\n","protected":false},"excerpt":{"rendered":"<p>Deputeti i zgjedhur PD, Bardh Spahia, shembjen me tritol t\u00eb nj\u00eb nd\u00ebrtese n\u00eb Theth, e cil\u00ebson si nj\u00eb akt dhune t\u00eb paprecedent\u00eb ndaj banor\u00ebve autokton\u00eb t\u00eb zon\u00ebs. N\u00eb emisionin \u2018Task-Forc\u00eb\u2019 n\u00eb Syri TV, ai u shpreh se qeveria e Edi Ram\u00ebs po ushtron nj\u00eb terror t\u00eb past\u00ebr shtet\u00ebror mbi qytetar\u00ebt, t\u00eb cil\u00ebt po nd\u00ebshkohen n\u00eb &hellip;<\/p>\n","protected":false},"author":4,"featured_media":118894,"comment_status":"closed","ping_status":"closed","sticky":false,"template":"","format":"standard","meta":{"footnotes":""},"categories":[37],"tags":[],"class_list":["post-119070","post","type-post","status-publish","format-standard","has-post-thumbnail","","category-politike"],"_links":{"self":[{"href":"https:\/\/rdnews.al\/index.php\/wp-json\/wp\/v2\/posts\/119070","targetHints":{"allow":["GET"]}}],"collection":[{"href":"https:\/\/rdnews.al\/index.php\/wp-json\/wp\/v2\/posts"}],"about":[{"href":"https:\/\/rdnews.al\/index.php\/wp-json\/wp\/v2\/types\/post"}],"author":[{"embeddable":true,"href":"https:\/\/rdnews.al\/index.php\/wp-json\/wp\/v2\/users\/4"}],"replies":[{"embeddable":true,"href":"https:\/\/rdnews.al\/index.php\/wp-json\/wp\/v2\/comments?post=119070"}],"version-history":[{"count":1,"href":"https:\/\/rdnews.al\/index.php\/wp-json\/wp\/v2\/posts\/119070\/revisions"}],"predecessor-version":[{"id":119071,"href":"https:\/\/rdnews.al\/index.php\/wp-json\/wp\/v2\/posts\/119070\/revisions\/119071"}],"wp:featuredmedia":[{"embeddable":true,"href":"https:\/\/rdnews.al\/index.php\/wp-json\/wp\/v2\/media\/118894"}],"wp:attachment":[{"href":"https:\/\/rdnews.al\/index.php\/wp-json\/wp\/v2\/media?parent=119070"}],"wp:term":[{"taxonomy":"category","embeddable":true,"href":"https:\/\/rdnews.al\/index.php\/wp-json\/wp\/v2\/categories?post=119070"},{"taxonomy":"post_tag","embeddable":true,"href":"https:\/\/rdnews.al\/index.php\/wp-json\/wp\/v2\/tags?post=119070"}],"curies":[{"name":"wp","href":"https:\/\/api.w.org\/{rel}","templated":true}]}}